{"id":59535,"date":"2024-08-12T18:33:46","date_gmt":"2024-08-12T21:33:46","guid":{"rendered":"https:\/\/concertacaoamazonia.com.br\/?p=59535"},"modified":"2024-08-12T18:33:49","modified_gmt":"2024-08-12T21:33:49","slug":"nova-etnia-indigena-brasileira-povo-warao-luta-por-territorio-e-vida-digna","status":"publish","type":"post","link":"https:\/\/concertacaoamazonia.com.br\/en\/2024\/08\/12\/nova-etnia-indigena-brasileira-povo-warao-luta-por-territorio-e-vida-digna\/","title":{"rendered":"Nova etnia ind\u00edgena brasileira, povo Warao luta por territ\u00f3rio e vida digna"},"content":{"rendered":"\n<p>Povo venezuelano foi for\u00e7ado a deixar seu pa\u00eds e vive hist\u00f3ria de resili\u00eancia e invisibilidade no Brasil<\/p>\n","protected":false},"excerpt":{"rendered":"<p>Povo venezuelano foi for\u00e7ado a deixar seu pa\u00eds e vive hist\u00f3ria de resili\u00eancia e invisibilidade no Brasil<\/p>\n","protected":false},"author":226,"featured_media":59536,"comment_status":"closed","ping_status":"closed","sticky":false,"template":"","format":"standard","meta":{"footnotes":""},"categories":[28],"tags":[],"veiculo":[2096],"ano":[2075],"eixos":[],"class_list":["post-59535","post","type-post","status-publish","format-standard","has-post-thumbnail","hentry","category-artigo-externo","veiculo-apublica-org"],"_links":{"self":[{"href":"https:\/\/concertacaoamazonia.com.br\/en\/wp-json\/wp\/v2\/posts\/59535","targetHints":{"allow":["GET"]}}],"collection":[{"href":"https:\/\/concertacaoamazonia.com.br\/en\/wp-json\/wp\/v2\/posts"}],"about":[{"href":"https:\/\/concertacaoamazonia.com.br\/en\/wp-json\/wp\/v2\/types\/post"}],"author":[{"embeddable":true,"href":"https:\/\/concertacaoamazonia.com.br\/en\/wp-json\/wp\/v2\/users\/226"}],"replies":[{"embeddable":true,"href":"https:\/\/concertacaoamazonia.com.br\/en\/wp-json\/wp\/v2\/comments?post=59535"}],"version-history":[{"count":0,"href":"https:\/\/concertacaoamazonia.com.br\/en\/wp-json\/wp\/v2\/posts\/59535\/revisions"}],"wp:featuredmedia":[{"embeddable":true,"href":"https:\/\/concertacaoamazonia.com.br\/en\/wp-json\/wp\/v2\/media\/59536"}],"wp:attachment":[{"href":"https:\/\/concertacaoamazonia.com.br\/en\/wp-json\/wp\/v2\/media?parent=59535"}],"wp:term":[{"taxonomy":"category","embeddable":true,"href":"https:\/\/concertacaoamazonia.com.br\/en\/wp-json\/wp\/v2\/categories?post=59535"},{"taxonomy":"post_tag","embeddable":true,"href":"https:\/\/concertacaoamazonia.com.br\/en\/wp-json\/wp\/v2\/tags?post=59535"},{"taxonomy":"veiculo","embeddable":true,"href":"https:\/\/concertacaoamazonia.com.br\/en\/wp-json\/wp\/v2\/veiculo?post=59535"},{"taxonomy":"ano","embeddable":true,"href":"https:\/\/concertacaoamazonia.com.br\/en\/wp-json\/wp\/v2\/ano?post=59535"},{"taxonomy":"eixos","embeddable":true,"href":"https:\/\/concertacaoamazonia.com.br\/en\/wp-json\/wp\/v2\/eixos?post=59535"}],"curies":[{"name":"wp","href":"https:\/\/api.w.org\/{rel}","templated":true}]}}