{"id":59358,"date":"2024-08-12T09:23:57","date_gmt":"2024-08-12T12:23:57","guid":{"rendered":"https:\/\/concertacaoamazonia.com.br\/?p=59358"},"modified":"2024-08-12T09:36:21","modified_gmt":"2024-08-12T12:36:21","slug":"finep-apoia-com-cerca-de-r-10-milhoes-desenvolvimento-estrutural-de-barco-voador-para-melhorar-mobilidade-na-amazonia","status":"publish","type":"post","link":"https:\/\/concertacaoamazonia.com.br\/en\/2024\/08\/12\/finep-apoia-com-cerca-de-r-10-milhoes-desenvolvimento-estrutural-de-barco-voador-para-melhorar-mobilidade-na-amazonia\/","title":{"rendered":"Finep apoia com cerca de R$ 10 milh\u00f5es desenvolvimento estrutural de &#8220;barco voador&#8221; para melhorar mobilidade na Amaz\u00f4nia"},"content":{"rendered":"\n<p>Imagine um ve\u00edculo capaz de voar sobre os rios e chegar ao destino em um ter\u00e7o do tempo das lanchas mais velozes no mercado. Parece obra de fic\u00e7\u00e3o cient\u00edfica, mas \u00e9 de verdade. Esse \u00e9 o Volitan, produto da startup Aeroriver, criada em 2021, em parceria com o Instituto Tecnol\u00f3gico de Aeron\u00e1utica (ITA).&nbsp;<\/p>\n\n\n\n<p><\/p>\n","protected":false},"excerpt":{"rendered":"<p>Imagine um ve\u00edculo capaz de voar sobre os rios e chegar ao destino em um ter\u00e7o do tempo das lanchas mais velozes no mercado. Parece obra de fic\u00e7\u00e3o cient\u00edfica, mas \u00e9 de verdade. Esse \u00e9 o Volitan, produto da startup Aeroriver, criada em 2021, em parceria com o Instituto Tecnol\u00f3gico de Aeron\u00e1utica (ITA). <\/p>\n","protected":false},"author":226,"featured_media":59359,"comment_status":"closed","ping_status":"closed","sticky":false,"template":"","format":"standard","meta":{"footnotes":""},"categories":[28],"tags":[],"veiculo":[2169],"ano":[2075],"eixos":[],"class_list":["post-59358","post","type-post","status-publish","format-standard","has-post-thumbnail","hentry","category-artigo-externo","veiculo-finep"],"_links":{"self":[{"href":"https:\/\/concertacaoamazonia.com.br\/en\/wp-json\/wp\/v2\/posts\/59358","targetHints":{"allow":["GET"]}}],"collection":[{"href":"https:\/\/concertacaoamazonia.com.br\/en\/wp-json\/wp\/v2\/posts"}],"about":[{"href":"https:\/\/concertacaoamazonia.com.br\/en\/wp-json\/wp\/v2\/types\/post"}],"author":[{"embeddable":true,"href":"https:\/\/concertacaoamazonia.com.br\/en\/wp-json\/wp\/v2\/users\/226"}],"replies":[{"embeddable":true,"href":"https:\/\/concertacaoamazonia.com.br\/en\/wp-json\/wp\/v2\/comments?post=59358"}],"version-history":[{"count":0,"href":"https:\/\/concertacaoamazonia.com.br\/en\/wp-json\/wp\/v2\/posts\/59358\/revisions"}],"wp:featuredmedia":[{"embeddable":true,"href":"https:\/\/concertacaoamazonia.com.br\/en\/wp-json\/wp\/v2\/media\/59359"}],"wp:attachment":[{"href":"https:\/\/concertacaoamazonia.com.br\/en\/wp-json\/wp\/v2\/media?parent=59358"}],"wp:term":[{"taxonomy":"category","embeddable":true,"href":"https:\/\/concertacaoamazonia.com.br\/en\/wp-json\/wp\/v2\/categories?post=59358"},{"taxonomy":"post_tag","embeddable":true,"href":"https:\/\/concertacaoamazonia.com.br\/en\/wp-json\/wp\/v2\/tags?post=59358"},{"taxonomy":"veiculo","embeddable":true,"href":"https:\/\/concertacaoamazonia.com.br\/en\/wp-json\/wp\/v2\/veiculo?post=59358"},{"taxonomy":"ano","embeddable":true,"href":"https:\/\/concertacaoamazonia.com.br\/en\/wp-json\/wp\/v2\/ano?post=59358"},{"taxonomy":"eixos","embeddable":true,"href":"https:\/\/concertacaoamazonia.com.br\/en\/wp-json\/wp\/v2\/eixos?post=59358"}],"curies":[{"name":"wp","href":"https:\/\/api.w.org\/{rel}","templated":true}]}}