{"id":59127,"date":"2024-08-05T11:47:19","date_gmt":"2024-08-05T14:47:19","guid":{"rendered":"https:\/\/concertacaoamazonia.com.br\/?p=59127"},"modified":"2024-08-05T11:47:21","modified_gmt":"2024-08-05T14:47:21","slug":"com-mais-de-11-mil-focos-mes-de-julho-registra-recorde-de-queimadas-na-amazonia-em-duas-decadas","status":"publish","type":"post","link":"https:\/\/concertacaoamazonia.com.br\/en\/2024\/08\/05\/com-mais-de-11-mil-focos-mes-de-julho-registra-recorde-de-queimadas-na-amazonia-em-duas-decadas\/","title":{"rendered":"Com mais de 11 mil focos, m\u00eas de julho registra recorde de queimadas na Amaz\u00f4nia em duas d\u00e9cadas"},"content":{"rendered":"\n<p>O registro \u00e9 93% maior que os 5.772 focos registrados em julho do ano passado e 111% maior que a m\u00e9dia para o m\u00eas nos \u00faltimos 10 anos (5.272)<\/p>\n","protected":false},"excerpt":{"rendered":"<p>O registro \u00e9 93% maior que os 5.772 focos registrados em julho do ano passado e 111% maior que a m\u00e9dia para o m\u00eas nos \u00faltimos 10 anos (5.272)<\/p>\n","protected":false},"author":226,"featured_media":59128,"comment_status":"closed","ping_status":"closed","sticky":false,"template":"","format":"standard","meta":{"footnotes":""},"categories":[28],"tags":[],"veiculo":[724],"ano":[2075],"eixos":[],"class_list":["post-59127","post","type-post","status-publish","format-standard","has-post-thumbnail","hentry","category-artigo-externo","veiculo-o-globo"],"_links":{"self":[{"href":"https:\/\/concertacaoamazonia.com.br\/en\/wp-json\/wp\/v2\/posts\/59127","targetHints":{"allow":["GET"]}}],"collection":[{"href":"https:\/\/concertacaoamazonia.com.br\/en\/wp-json\/wp\/v2\/posts"}],"about":[{"href":"https:\/\/concertacaoamazonia.com.br\/en\/wp-json\/wp\/v2\/types\/post"}],"author":[{"embeddable":true,"href":"https:\/\/concertacaoamazonia.com.br\/en\/wp-json\/wp\/v2\/users\/226"}],"replies":[{"embeddable":true,"href":"https:\/\/concertacaoamazonia.com.br\/en\/wp-json\/wp\/v2\/comments?post=59127"}],"version-history":[{"count":0,"href":"https:\/\/concertacaoamazonia.com.br\/en\/wp-json\/wp\/v2\/posts\/59127\/revisions"}],"wp:featuredmedia":[{"embeddable":true,"href":"https:\/\/concertacaoamazonia.com.br\/en\/wp-json\/wp\/v2\/media\/59128"}],"wp:attachment":[{"href":"https:\/\/concertacaoamazonia.com.br\/en\/wp-json\/wp\/v2\/media?parent=59127"}],"wp:term":[{"taxonomy":"category","embeddable":true,"href":"https:\/\/concertacaoamazonia.com.br\/en\/wp-json\/wp\/v2\/categories?post=59127"},{"taxonomy":"post_tag","embeddable":true,"href":"https:\/\/concertacaoamazonia.com.br\/en\/wp-json\/wp\/v2\/tags?post=59127"},{"taxonomy":"veiculo","embeddable":true,"href":"https:\/\/concertacaoamazonia.com.br\/en\/wp-json\/wp\/v2\/veiculo?post=59127"},{"taxonomy":"ano","embeddable":true,"href":"https:\/\/concertacaoamazonia.com.br\/en\/wp-json\/wp\/v2\/ano?post=59127"},{"taxonomy":"eixos","embeddable":true,"href":"https:\/\/concertacaoamazonia.com.br\/en\/wp-json\/wp\/v2\/eixos?post=59127"}],"curies":[{"name":"wp","href":"https:\/\/api.w.org\/{rel}","templated":true}]}}