{"id":59117,"date":"2024-08-02T10:25:05","date_gmt":"2024-08-02T13:25:05","guid":{"rendered":"https:\/\/concertacaoamazonia.com.br\/?p=59117"},"modified":"2024-08-02T10:25:07","modified_gmt":"2024-08-02T13:25:07","slug":"amapa-verde-operacao-de-prevencao-e-combate-a-queimadas-na-amazonia-e-lancada-no-ap","status":"publish","type":"post","link":"https:\/\/concertacaoamazonia.com.br\/en\/2024\/08\/02\/amapa-verde-operacao-de-prevencao-e-combate-a-queimadas-na-amazonia-e-lancada-no-ap\/","title":{"rendered":"&#8216;Amap\u00e1 Verde&#8217;: Opera\u00e7\u00e3o de preven\u00e7\u00e3o e combate a queimadas na Amaz\u00f4nia \u00e9 lan\u00e7ada no AP"},"content":{"rendered":"\n<p>A\u00e7\u00e3o que inicia nesta quinta-feira (1\u00ba) integra a opera\u00e7\u00e3o nacional, &#8216;Guardi\u00f5es dos Biomas&#8217;. Mais de 700 Bombeiros devem atuar no Estado at\u00e9 dezembro.<\/p>\n","protected":false},"excerpt":{"rendered":"<p>A\u00e7\u00e3o que inicia nesta quinta-feira (1\u00ba) integra a opera\u00e7\u00e3o nacional, &#8216;Guardi\u00f5es dos Biomas&#8217;. Mais de 700 Bombeiros devem atuar no Estado at\u00e9 dezembro.<\/p>\n","protected":false},"author":226,"featured_media":59118,"comment_status":"closed","ping_status":"closed","sticky":false,"template":"","format":"standard","meta":{"footnotes":""},"categories":[28],"tags":[],"veiculo":[714],"ano":[2075],"eixos":[],"class_list":["post-59117","post","type-post","status-publish","format-standard","has-post-thumbnail","hentry","category-artigo-externo","veiculo-g1"],"_links":{"self":[{"href":"https:\/\/concertacaoamazonia.com.br\/en\/wp-json\/wp\/v2\/posts\/59117","targetHints":{"allow":["GET"]}}],"collection":[{"href":"https:\/\/concertacaoamazonia.com.br\/en\/wp-json\/wp\/v2\/posts"}],"about":[{"href":"https:\/\/concertacaoamazonia.com.br\/en\/wp-json\/wp\/v2\/types\/post"}],"author":[{"embeddable":true,"href":"https:\/\/concertacaoamazonia.com.br\/en\/wp-json\/wp\/v2\/users\/226"}],"replies":[{"embeddable":true,"href":"https:\/\/concertacaoamazonia.com.br\/en\/wp-json\/wp\/v2\/comments?post=59117"}],"version-history":[{"count":0,"href":"https:\/\/concertacaoamazonia.com.br\/en\/wp-json\/wp\/v2\/posts\/59117\/revisions"}],"wp:featuredmedia":[{"embeddable":true,"href":"https:\/\/concertacaoamazonia.com.br\/en\/wp-json\/wp\/v2\/media\/59118"}],"wp:attachment":[{"href":"https:\/\/concertacaoamazonia.com.br\/en\/wp-json\/wp\/v2\/media?parent=59117"}],"wp:term":[{"taxonomy":"category","embeddable":true,"href":"https:\/\/concertacaoamazonia.com.br\/en\/wp-json\/wp\/v2\/categories?post=59117"},{"taxonomy":"post_tag","embeddable":true,"href":"https:\/\/concertacaoamazonia.com.br\/en\/wp-json\/wp\/v2\/tags?post=59117"},{"taxonomy":"veiculo","embeddable":true,"href":"https:\/\/concertacaoamazonia.com.br\/en\/wp-json\/wp\/v2\/veiculo?post=59117"},{"taxonomy":"ano","embeddable":true,"href":"https:\/\/concertacaoamazonia.com.br\/en\/wp-json\/wp\/v2\/ano?post=59117"},{"taxonomy":"eixos","embeddable":true,"href":"https:\/\/concertacaoamazonia.com.br\/en\/wp-json\/wp\/v2\/eixos?post=59117"}],"curies":[{"name":"wp","href":"https:\/\/api.w.org\/{rel}","templated":true}]}}