{"id":59105,"date":"2024-08-01T11:15:30","date_gmt":"2024-08-01T14:15:30","guid":{"rendered":"https:\/\/concertacaoamazonia.com.br\/?p=59105"},"modified":"2024-08-01T11:15:32","modified_gmt":"2024-08-01T14:15:32","slug":"ana-decreta-situacao-critica-de-escassez-de-recursos-hidricos-nos-rios-madeira-purus-acre-e-laco","status":"publish","type":"post","link":"https:\/\/concertacaoamazonia.com.br\/en\/2024\/08\/01\/ana-decreta-situacao-critica-de-escassez-de-recursos-hidricos-nos-rios-madeira-purus-acre-e-laco\/","title":{"rendered":"ANA decreta situa\u00e7\u00e3o cr\u00edtica de escassez de recursos h\u00eddricos nos rios Madeira, Purus, Acre e Laco"},"content":{"rendered":"\n<p>Ag\u00eancia vai acompanhar a situa\u00e7\u00e3o hidrometeorol\u00f3gica da bacia visando identificar impactos sobre os usos da \u00e1gua e propor eventuais medidas de preven\u00e7\u00e3o e mitiga\u00e7\u00e3o por meio do GTA Amazonas<\/p>\n","protected":false},"excerpt":{"rendered":"<p>Ag\u00eancia vai acompanhar a situa\u00e7\u00e3o hidrometeorol\u00f3gica da bacia visando identificar impactos sobre os usos da \u00e1gua e propor eventuais medidas de preven\u00e7\u00e3o e mitiga\u00e7\u00e3o por meio do GTA Amazonas<\/p>\n","protected":false},"author":226,"featured_media":59106,"comment_status":"closed","ping_status":"closed","sticky":false,"template":"","format":"standard","meta":{"footnotes":""},"categories":[28],"tags":[],"veiculo":[1873],"ano":[2075],"eixos":[],"class_list":["post-59105","post","type-post","status-publish","format-standard","has-post-thumbnail","hentry","category-artigo-externo","veiculo-valor-economico-en-2"],"_links":{"self":[{"href":"https:\/\/concertacaoamazonia.com.br\/en\/wp-json\/wp\/v2\/posts\/59105","targetHints":{"allow":["GET"]}}],"collection":[{"href":"https:\/\/concertacaoamazonia.com.br\/en\/wp-json\/wp\/v2\/posts"}],"about":[{"href":"https:\/\/concertacaoamazonia.com.br\/en\/wp-json\/wp\/v2\/types\/post"}],"author":[{"embeddable":true,"href":"https:\/\/concertacaoamazonia.com.br\/en\/wp-json\/wp\/v2\/users\/226"}],"replies":[{"embeddable":true,"href":"https:\/\/concertacaoamazonia.com.br\/en\/wp-json\/wp\/v2\/comments?post=59105"}],"version-history":[{"count":0,"href":"https:\/\/concertacaoamazonia.com.br\/en\/wp-json\/wp\/v2\/posts\/59105\/revisions"}],"wp:featuredmedia":[{"embeddable":true,"href":"https:\/\/concertacaoamazonia.com.br\/en\/wp-json\/wp\/v2\/media\/59106"}],"wp:attachment":[{"href":"https:\/\/concertacaoamazonia.com.br\/en\/wp-json\/wp\/v2\/media?parent=59105"}],"wp:term":[{"taxonomy":"category","embeddable":true,"href":"https:\/\/concertacaoamazonia.com.br\/en\/wp-json\/wp\/v2\/categories?post=59105"},{"taxonomy":"post_tag","embeddable":true,"href":"https:\/\/concertacaoamazonia.com.br\/en\/wp-json\/wp\/v2\/tags?post=59105"},{"taxonomy":"veiculo","embeddable":true,"href":"https:\/\/concertacaoamazonia.com.br\/en\/wp-json\/wp\/v2\/veiculo?post=59105"},{"taxonomy":"ano","embeddable":true,"href":"https:\/\/concertacaoamazonia.com.br\/en\/wp-json\/wp\/v2\/ano?post=59105"},{"taxonomy":"eixos","embeddable":true,"href":"https:\/\/concertacaoamazonia.com.br\/en\/wp-json\/wp\/v2\/eixos?post=59105"}],"curies":[{"name":"wp","href":"https:\/\/api.w.org\/{rel}","templated":true}]}}