{"id":59093,"date":"2024-07-31T16:03:05","date_gmt":"2024-07-31T19:03:05","guid":{"rendered":"https:\/\/concertacaoamazonia.com.br\/?p=59093"},"modified":"2024-07-31T16:03:06","modified_gmt":"2024-07-31T19:03:06","slug":"amazonia-com-recurso-privado-organizacoes-buscam-profissionalizar-produtos-da-bioeconomia","status":"publish","type":"post","link":"https:\/\/concertacaoamazonia.com.br\/en\/2024\/07\/31\/amazonia-com-recurso-privado-organizacoes-buscam-profissionalizar-produtos-da-bioeconomia\/","title":{"rendered":"Amaz\u00f4nia: com recurso privado, organiza\u00e7\u00f5es buscam profissionalizar produtos da bioeconomia"},"content":{"rendered":"\n<p>Aumento de exposi\u00e7\u00e3o em g\u00f4ndolas de mercado ajuda a aumentar a oferta de produtos da sociobiodiversidade. Contudo, \u00e9 preciso flexibilizar de contratos comerciais<\/p>\n","protected":false},"excerpt":{"rendered":"<p>Aumento de exposi\u00e7\u00e3o em g\u00f4ndolas de mercado ajuda a aumentar a oferta de produtos da sociobiodiversidade. Contudo, \u00e9 preciso flexibilizar de contratos comerciais<\/p>\n","protected":false},"author":226,"featured_media":59094,"comment_status":"closed","ping_status":"closed","sticky":false,"template":"","format":"standard","meta":{"footnotes":""},"categories":[28],"tags":[],"veiculo":[1873],"ano":[2075],"eixos":[],"class_list":["post-59093","post","type-post","status-publish","format-standard","has-post-thumbnail","hentry","category-artigo-externo","veiculo-valor-economico-en-2"],"_links":{"self":[{"href":"https:\/\/concertacaoamazonia.com.br\/en\/wp-json\/wp\/v2\/posts\/59093","targetHints":{"allow":["GET"]}}],"collection":[{"href":"https:\/\/concertacaoamazonia.com.br\/en\/wp-json\/wp\/v2\/posts"}],"about":[{"href":"https:\/\/concertacaoamazonia.com.br\/en\/wp-json\/wp\/v2\/types\/post"}],"author":[{"embeddable":true,"href":"https:\/\/concertacaoamazonia.com.br\/en\/wp-json\/wp\/v2\/users\/226"}],"replies":[{"embeddable":true,"href":"https:\/\/concertacaoamazonia.com.br\/en\/wp-json\/wp\/v2\/comments?post=59093"}],"version-history":[{"count":0,"href":"https:\/\/concertacaoamazonia.com.br\/en\/wp-json\/wp\/v2\/posts\/59093\/revisions"}],"wp:featuredmedia":[{"embeddable":true,"href":"https:\/\/concertacaoamazonia.com.br\/en\/wp-json\/wp\/v2\/media\/59094"}],"wp:attachment":[{"href":"https:\/\/concertacaoamazonia.com.br\/en\/wp-json\/wp\/v2\/media?parent=59093"}],"wp:term":[{"taxonomy":"category","embeddable":true,"href":"https:\/\/concertacaoamazonia.com.br\/en\/wp-json\/wp\/v2\/categories?post=59093"},{"taxonomy":"post_tag","embeddable":true,"href":"https:\/\/concertacaoamazonia.com.br\/en\/wp-json\/wp\/v2\/tags?post=59093"},{"taxonomy":"veiculo","embeddable":true,"href":"https:\/\/concertacaoamazonia.com.br\/en\/wp-json\/wp\/v2\/veiculo?post=59093"},{"taxonomy":"ano","embeddable":true,"href":"https:\/\/concertacaoamazonia.com.br\/en\/wp-json\/wp\/v2\/ano?post=59093"},{"taxonomy":"eixos","embeddable":true,"href":"https:\/\/concertacaoamazonia.com.br\/en\/wp-json\/wp\/v2\/eixos?post=59093"}],"curies":[{"name":"wp","href":"https:\/\/api.w.org\/{rel}","templated":true}]}}