{"id":59047,"date":"2024-07-29T11:20:46","date_gmt":"2024-07-29T14:20:46","guid":{"rendered":"https:\/\/concertacaoamazonia.com.br\/?p=59047"},"modified":"2024-07-29T11:20:48","modified_gmt":"2024-07-29T14:20:48","slug":"apos-14-meses-de-queda-desmatamento-na-amazonia-tem-aumento-de-10-em-junho","status":"publish","type":"post","link":"https:\/\/concertacaoamazonia.com.br\/en\/2024\/07\/29\/apos-14-meses-de-queda-desmatamento-na-amazonia-tem-aumento-de-10-em-junho\/","title":{"rendered":"Ap\u00f3s 14 meses de queda, desmatamento na Amaz\u00f4nia tem aumento de 10% em junho"},"content":{"rendered":"\n<p>Apesar do cen\u00e1rio no \u00faltimo m\u00eas, no acumulado do primeiro semestre de 2024 a devasta\u00e7\u00e3o registrada foi a menor desde 2017, diz Imazon<\/p>\n","protected":false},"excerpt":{"rendered":"<p>Apesar do cen\u00e1rio no \u00faltimo m\u00eas, no acumulado do primeiro semestre de 2024 a devasta\u00e7\u00e3o registrada foi a menor desde 2017, diz Imazon<\/p>\n","protected":false},"author":226,"featured_media":59048,"comment_status":"closed","ping_status":"closed","sticky":false,"template":"","format":"standard","meta":{"footnotes":""},"categories":[28],"tags":[],"veiculo":[2047],"ano":[2075],"eixos":[],"class_list":["post-59047","post","type-post","status-publish","format-standard","has-post-thumbnail","hentry","category-artigo-externo","veiculo-o-eco"],"_links":{"self":[{"href":"https:\/\/concertacaoamazonia.com.br\/en\/wp-json\/wp\/v2\/posts\/59047","targetHints":{"allow":["GET"]}}],"collection":[{"href":"https:\/\/concertacaoamazonia.com.br\/en\/wp-json\/wp\/v2\/posts"}],"about":[{"href":"https:\/\/concertacaoamazonia.com.br\/en\/wp-json\/wp\/v2\/types\/post"}],"author":[{"embeddable":true,"href":"https:\/\/concertacaoamazonia.com.br\/en\/wp-json\/wp\/v2\/users\/226"}],"replies":[{"embeddable":true,"href":"https:\/\/concertacaoamazonia.com.br\/en\/wp-json\/wp\/v2\/comments?post=59047"}],"version-history":[{"count":0,"href":"https:\/\/concertacaoamazonia.com.br\/en\/wp-json\/wp\/v2\/posts\/59047\/revisions"}],"wp:featuredmedia":[{"embeddable":true,"href":"https:\/\/concertacaoamazonia.com.br\/en\/wp-json\/wp\/v2\/media\/59048"}],"wp:attachment":[{"href":"https:\/\/concertacaoamazonia.com.br\/en\/wp-json\/wp\/v2\/media?parent=59047"}],"wp:term":[{"taxonomy":"category","embeddable":true,"href":"https:\/\/concertacaoamazonia.com.br\/en\/wp-json\/wp\/v2\/categories?post=59047"},{"taxonomy":"post_tag","embeddable":true,"href":"https:\/\/concertacaoamazonia.com.br\/en\/wp-json\/wp\/v2\/tags?post=59047"},{"taxonomy":"veiculo","embeddable":true,"href":"https:\/\/concertacaoamazonia.com.br\/en\/wp-json\/wp\/v2\/veiculo?post=59047"},{"taxonomy":"ano","embeddable":true,"href":"https:\/\/concertacaoamazonia.com.br\/en\/wp-json\/wp\/v2\/ano?post=59047"},{"taxonomy":"eixos","embeddable":true,"href":"https:\/\/concertacaoamazonia.com.br\/en\/wp-json\/wp\/v2\/eixos?post=59047"}],"curies":[{"name":"wp","href":"https:\/\/api.w.org\/{rel}","templated":true}]}}