{"id":59039,"date":"2024-07-29T10:56:18","date_gmt":"2024-07-29T13:56:18","guid":{"rendered":"https:\/\/concertacaoamazonia.com.br\/?p=59039"},"modified":"2024-07-29T10:56:20","modified_gmt":"2024-07-29T13:56:20","slug":"la-nina-fraco-deve-prolongar-seca-na-amazonia-ate-o-fim-do-ano","status":"publish","type":"post","link":"https:\/\/concertacaoamazonia.com.br\/en\/2024\/07\/29\/la-nina-fraco-deve-prolongar-seca-na-amazonia-ate-o-fim-do-ano\/","title":{"rendered":"La Ni\u00f1a fraco deve prolongar seca na Amaz\u00f4nia at\u00e9 o fim do ano"},"content":{"rendered":"\n<p>Chuvas mais relevantes na regi\u00e3o amaz\u00f4nica est\u00e3o previstas apenas para novembro<\/p>\n","protected":false},"excerpt":{"rendered":"<p>Chuvas mais relevantes na regi\u00e3o amaz\u00f4nica est\u00e3o previstas apenas para novembro<\/p>\n","protected":false},"author":226,"featured_media":59040,"comment_status":"closed","ping_status":"closed","sticky":false,"template":"","format":"standard","meta":{"footnotes":""},"categories":[28],"tags":[],"veiculo":[2089],"ano":[2075],"eixos":[],"class_list":["post-59039","post","type-post","status-publish","format-standard","has-post-thumbnail","hentry","category-artigo-externo","veiculo-globo-rural"],"_links":{"self":[{"href":"https:\/\/concertacaoamazonia.com.br\/en\/wp-json\/wp\/v2\/posts\/59039","targetHints":{"allow":["GET"]}}],"collection":[{"href":"https:\/\/concertacaoamazonia.com.br\/en\/wp-json\/wp\/v2\/posts"}],"about":[{"href":"https:\/\/concertacaoamazonia.com.br\/en\/wp-json\/wp\/v2\/types\/post"}],"author":[{"embeddable":true,"href":"https:\/\/concertacaoamazonia.com.br\/en\/wp-json\/wp\/v2\/users\/226"}],"replies":[{"embeddable":true,"href":"https:\/\/concertacaoamazonia.com.br\/en\/wp-json\/wp\/v2\/comments?post=59039"}],"version-history":[{"count":0,"href":"https:\/\/concertacaoamazonia.com.br\/en\/wp-json\/wp\/v2\/posts\/59039\/revisions"}],"wp:featuredmedia":[{"embeddable":true,"href":"https:\/\/concertacaoamazonia.com.br\/en\/wp-json\/wp\/v2\/media\/59040"}],"wp:attachment":[{"href":"https:\/\/concertacaoamazonia.com.br\/en\/wp-json\/wp\/v2\/media?parent=59039"}],"wp:term":[{"taxonomy":"category","embeddable":true,"href":"https:\/\/concertacaoamazonia.com.br\/en\/wp-json\/wp\/v2\/categories?post=59039"},{"taxonomy":"post_tag","embeddable":true,"href":"https:\/\/concertacaoamazonia.com.br\/en\/wp-json\/wp\/v2\/tags?post=59039"},{"taxonomy":"veiculo","embeddable":true,"href":"https:\/\/concertacaoamazonia.com.br\/en\/wp-json\/wp\/v2\/veiculo?post=59039"},{"taxonomy":"ano","embeddable":true,"href":"https:\/\/concertacaoamazonia.com.br\/en\/wp-json\/wp\/v2\/ano?post=59039"},{"taxonomy":"eixos","embeddable":true,"href":"https:\/\/concertacaoamazonia.com.br\/en\/wp-json\/wp\/v2\/eixos?post=59039"}],"curies":[{"name":"wp","href":"https:\/\/api.w.org\/{rel}","templated":true}]}}