{"id":59034,"date":"2024-07-29T09:43:51","date_gmt":"2024-07-29T12:43:51","guid":{"rendered":"https:\/\/concertacaoamazonia.com.br\/?p=59034"},"modified":"2024-07-29T09:43:58","modified_gmt":"2024-07-29T12:43:58","slug":"ha-vontade-politica-para-salvar-a-amazonia-diz-presidente-do-bid","status":"publish","type":"post","link":"https:\/\/concertacaoamazonia.com.br\/en\/2024\/07\/29\/ha-vontade-politica-para-salvar-a-amazonia-diz-presidente-do-bid\/","title":{"rendered":"&#8216;H\u00e1 vontade pol\u00edtica&#8217; para salvar a Amaz\u00f4nia, diz presidente do BID"},"content":{"rendered":"\n<p>Ilan Goldfajn participar\u00e1, ao lado da secret\u00e1ria do Tesouro dos EUA, Janet Yellen, e ministros dos pa\u00edses amaz\u00f4nicos e l\u00edderes empresariais, de debates sobre desenvolvimento sustent\u00e1vel e financiamento clim\u00e1tico<\/p>\n\n\n\n<p><a href=\"https:\/\/www.afp.com\/pt\/noticias\" target=\"_blank\" rel=\"noreferrer noopener\"><\/a><\/p>\n","protected":false},"excerpt":{"rendered":"<p>Ilan Goldfajn participar\u00e1, ao lado da secret\u00e1ria do Tesouro dos EUA, Janet Yellen, e ministros dos pa\u00edses amaz\u00f4nicos e l\u00edderes empresariais, de debates sobre desenvolvimento sustent\u00e1vel e financiamento clim\u00e1tico<\/p>\n","protected":false},"author":226,"featured_media":59035,"comment_status":"closed","ping_status":"closed","sticky":false,"template":"","format":"standard","meta":{"footnotes":""},"categories":[28],"tags":[],"veiculo":[724],"ano":[2075],"eixos":[],"class_list":["post-59034","post","type-post","status-publish","format-standard","has-post-thumbnail","hentry","category-artigo-externo","veiculo-o-globo"],"_links":{"self":[{"href":"https:\/\/concertacaoamazonia.com.br\/en\/wp-json\/wp\/v2\/posts\/59034","targetHints":{"allow":["GET"]}}],"collection":[{"href":"https:\/\/concertacaoamazonia.com.br\/en\/wp-json\/wp\/v2\/posts"}],"about":[{"href":"https:\/\/concertacaoamazonia.com.br\/en\/wp-json\/wp\/v2\/types\/post"}],"author":[{"embeddable":true,"href":"https:\/\/concertacaoamazonia.com.br\/en\/wp-json\/wp\/v2\/users\/226"}],"replies":[{"embeddable":true,"href":"https:\/\/concertacaoamazonia.com.br\/en\/wp-json\/wp\/v2\/comments?post=59034"}],"version-history":[{"count":0,"href":"https:\/\/concertacaoamazonia.com.br\/en\/wp-json\/wp\/v2\/posts\/59034\/revisions"}],"wp:featuredmedia":[{"embeddable":true,"href":"https:\/\/concertacaoamazonia.com.br\/en\/wp-json\/wp\/v2\/media\/59035"}],"wp:attachment":[{"href":"https:\/\/concertacaoamazonia.com.br\/en\/wp-json\/wp\/v2\/media?parent=59034"}],"wp:term":[{"taxonomy":"category","embeddable":true,"href":"https:\/\/concertacaoamazonia.com.br\/en\/wp-json\/wp\/v2\/categories?post=59034"},{"taxonomy":"post_tag","embeddable":true,"href":"https:\/\/concertacaoamazonia.com.br\/en\/wp-json\/wp\/v2\/tags?post=59034"},{"taxonomy":"veiculo","embeddable":true,"href":"https:\/\/concertacaoamazonia.com.br\/en\/wp-json\/wp\/v2\/veiculo?post=59034"},{"taxonomy":"ano","embeddable":true,"href":"https:\/\/concertacaoamazonia.com.br\/en\/wp-json\/wp\/v2\/ano?post=59034"},{"taxonomy":"eixos","embeddable":true,"href":"https:\/\/concertacaoamazonia.com.br\/en\/wp-json\/wp\/v2\/eixos?post=59034"}],"curies":[{"name":"wp","href":"https:\/\/api.w.org\/{rel}","templated":true}]}}