{"id":59017,"date":"2024-07-25T12:15:21","date_gmt":"2024-07-25T15:15:21","guid":{"rendered":"https:\/\/concertacaoamazonia.com.br\/?p=59017"},"modified":"2024-07-25T12:15:24","modified_gmt":"2024-07-25T15:15:24","slug":"amazonia-tem-primeiro-semestre-com-menor-desmatamento-em-areas-protegidas-dos-ultimos-10-anos-aponta-imazon","status":"publish","type":"post","link":"https:\/\/concertacaoamazonia.com.br\/en\/2024\/07\/25\/amazonia-tem-primeiro-semestre-com-menor-desmatamento-em-areas-protegidas-dos-ultimos-10-anos-aponta-imazon\/","title":{"rendered":"Amaz\u00f4nia tem primeiro semestre com menor desmatamento em \u00e1reas protegidas dos \u00faltimos 10 anos, aponta Imazon"},"content":{"rendered":"\n<p>Na Amaz\u00f4nia Legal, queda na devasta\u00e7\u00e3o foi de 36% em rela\u00e7\u00e3o ao mesmo per\u00edodo do ano passado. Resultado \u00e9 o melhor desde 2017.<\/p>\n","protected":false},"excerpt":{"rendered":"<p>Na Amaz\u00f4nia Legal, queda na devasta\u00e7\u00e3o foi de 36% em rela\u00e7\u00e3o ao mesmo per\u00edodo do ano passado. Resultado \u00e9 o melhor desde 2017.<\/p>\n","protected":false},"author":226,"featured_media":59018,"comment_status":"closed","ping_status":"closed","sticky":false,"template":"","format":"standard","meta":{"footnotes":""},"categories":[28],"tags":[],"veiculo":[714],"ano":[2075],"eixos":[],"class_list":["post-59017","post","type-post","status-publish","format-standard","has-post-thumbnail","hentry","category-artigo-externo","veiculo-g1"],"_links":{"self":[{"href":"https:\/\/concertacaoamazonia.com.br\/en\/wp-json\/wp\/v2\/posts\/59017","targetHints":{"allow":["GET"]}}],"collection":[{"href":"https:\/\/concertacaoamazonia.com.br\/en\/wp-json\/wp\/v2\/posts"}],"about":[{"href":"https:\/\/concertacaoamazonia.com.br\/en\/wp-json\/wp\/v2\/types\/post"}],"author":[{"embeddable":true,"href":"https:\/\/concertacaoamazonia.com.br\/en\/wp-json\/wp\/v2\/users\/226"}],"replies":[{"embeddable":true,"href":"https:\/\/concertacaoamazonia.com.br\/en\/wp-json\/wp\/v2\/comments?post=59017"}],"version-history":[{"count":0,"href":"https:\/\/concertacaoamazonia.com.br\/en\/wp-json\/wp\/v2\/posts\/59017\/revisions"}],"wp:featuredmedia":[{"embeddable":true,"href":"https:\/\/concertacaoamazonia.com.br\/en\/wp-json\/wp\/v2\/media\/59018"}],"wp:attachment":[{"href":"https:\/\/concertacaoamazonia.com.br\/en\/wp-json\/wp\/v2\/media?parent=59017"}],"wp:term":[{"taxonomy":"category","embeddable":true,"href":"https:\/\/concertacaoamazonia.com.br\/en\/wp-json\/wp\/v2\/categories?post=59017"},{"taxonomy":"post_tag","embeddable":true,"href":"https:\/\/concertacaoamazonia.com.br\/en\/wp-json\/wp\/v2\/tags?post=59017"},{"taxonomy":"veiculo","embeddable":true,"href":"https:\/\/concertacaoamazonia.com.br\/en\/wp-json\/wp\/v2\/veiculo?post=59017"},{"taxonomy":"ano","embeddable":true,"href":"https:\/\/concertacaoamazonia.com.br\/en\/wp-json\/wp\/v2\/ano?post=59017"},{"taxonomy":"eixos","embeddable":true,"href":"https:\/\/concertacaoamazonia.com.br\/en\/wp-json\/wp\/v2\/eixos?post=59017"}],"curies":[{"name":"wp","href":"https:\/\/api.w.org\/{rel}","templated":true}]}}