{"id":59009,"date":"2024-07-25T12:08:03","date_gmt":"2024-07-25T15:08:03","guid":{"rendered":"https:\/\/concertacaoamazonia.com.br\/?p=59009"},"modified":"2024-07-25T12:08:35","modified_gmt":"2024-07-25T15:08:35","slug":"concessoes-de-florestas-na-amazonia-podem-triplicar-e-sao-apostas-no-combate-ao-desmatamento","status":"publish","type":"post","link":"https:\/\/concertacaoamazonia.com.br\/en\/2024\/07\/25\/concessoes-de-florestas-na-amazonia-podem-triplicar-e-sao-apostas-no-combate-ao-desmatamento\/","title":{"rendered":"Concess\u00f5es de florestas na Amaz\u00f4nia podem triplicar e s\u00e3o apostas no combate ao desmatamento"},"content":{"rendered":"\n<p>\u00c1reas atualmente sem t\u00edtulo acabam virando alvo f\u00e1cil para grileiros e a explora\u00e7\u00e3o ilegal de recursos naturais<\/p>\n","protected":false},"excerpt":{"rendered":"<p>\u00c1reas atualmente sem t\u00edtulo acabam virando alvo f\u00e1cil para grileiros e a explora\u00e7\u00e3o ilegal de recursos naturais<\/p>\n","protected":false},"author":226,"featured_media":59011,"comment_status":"closed","ping_status":"closed","sticky":false,"template":"","format":"standard","meta":{"footnotes":""},"categories":[28],"tags":[],"veiculo":[711],"ano":[2075],"eixos":[],"class_list":["post-59009","post","type-post","status-publish","format-standard","has-post-thumbnail","hentry","category-artigo-externo","veiculo-estadao"],"_links":{"self":[{"href":"https:\/\/concertacaoamazonia.com.br\/en\/wp-json\/wp\/v2\/posts\/59009","targetHints":{"allow":["GET"]}}],"collection":[{"href":"https:\/\/concertacaoamazonia.com.br\/en\/wp-json\/wp\/v2\/posts"}],"about":[{"href":"https:\/\/concertacaoamazonia.com.br\/en\/wp-json\/wp\/v2\/types\/post"}],"author":[{"embeddable":true,"href":"https:\/\/concertacaoamazonia.com.br\/en\/wp-json\/wp\/v2\/users\/226"}],"replies":[{"embeddable":true,"href":"https:\/\/concertacaoamazonia.com.br\/en\/wp-json\/wp\/v2\/comments?post=59009"}],"version-history":[{"count":0,"href":"https:\/\/concertacaoamazonia.com.br\/en\/wp-json\/wp\/v2\/posts\/59009\/revisions"}],"wp:featuredmedia":[{"embeddable":true,"href":"https:\/\/concertacaoamazonia.com.br\/en\/wp-json\/wp\/v2\/media\/59011"}],"wp:attachment":[{"href":"https:\/\/concertacaoamazonia.com.br\/en\/wp-json\/wp\/v2\/media?parent=59009"}],"wp:term":[{"taxonomy":"category","embeddable":true,"href":"https:\/\/concertacaoamazonia.com.br\/en\/wp-json\/wp\/v2\/categories?post=59009"},{"taxonomy":"post_tag","embeddable":true,"href":"https:\/\/concertacaoamazonia.com.br\/en\/wp-json\/wp\/v2\/tags?post=59009"},{"taxonomy":"veiculo","embeddable":true,"href":"https:\/\/concertacaoamazonia.com.br\/en\/wp-json\/wp\/v2\/veiculo?post=59009"},{"taxonomy":"ano","embeddable":true,"href":"https:\/\/concertacaoamazonia.com.br\/en\/wp-json\/wp\/v2\/ano?post=59009"},{"taxonomy":"eixos","embeddable":true,"href":"https:\/\/concertacaoamazonia.com.br\/en\/wp-json\/wp\/v2\/eixos?post=59009"}],"curies":[{"name":"wp","href":"https:\/\/api.w.org\/{rel}","templated":true}]}}