{"id":58983,"date":"2024-07-23T14:20:29","date_gmt":"2024-07-23T17:20:29","guid":{"rendered":"https:\/\/concertacaoamazonia.com.br\/?p=58983"},"modified":"2024-07-23T14:20:32","modified_gmt":"2024-07-23T17:20:32","slug":"governo-articula-missao-para-discutir-trafico-na-fronteira-e-estuda-reducao-de-danos-para-indigenas","status":"publish","type":"post","link":"https:\/\/concertacaoamazonia.com.br\/en\/2024\/07\/23\/governo-articula-missao-para-discutir-trafico-na-fronteira-e-estuda-reducao-de-danos-para-indigenas\/","title":{"rendered":"Governo articula miss\u00e3o para discutir tr\u00e1fico na fronteira e estuda redu\u00e7\u00e3o de danos para ind\u00edgenas"},"content":{"rendered":"\n<p>Secretaria Nacional de Pol\u00edticas Sobre Drogas busca atua\u00e7\u00e3o para al\u00e9m do uso de for\u00e7as de repress\u00e3o na regi\u00e3o amaz\u00f4nica<\/p>\n","protected":false},"excerpt":{"rendered":"<p>Secretaria Nacional de Pol\u00edticas Sobre Drogas busca atua\u00e7\u00e3o para al\u00e9m do uso de for\u00e7as de repress\u00e3o na regi\u00e3o amaz\u00f4nica<\/p>\n","protected":false},"author":226,"featured_media":58984,"comment_status":"closed","ping_status":"closed","sticky":false,"template":"","format":"standard","meta":{"footnotes":""},"categories":[28],"tags":[],"veiculo":[1871],"ano":[2075],"eixos":[],"class_list":["post-58983","post","type-post","status-publish","format-standard","has-post-thumbnail","hentry","category-artigo-externo","veiculo-folha-de-sao-paulo-en-2"],"_links":{"self":[{"href":"https:\/\/concertacaoamazonia.com.br\/en\/wp-json\/wp\/v2\/posts\/58983","targetHints":{"allow":["GET"]}}],"collection":[{"href":"https:\/\/concertacaoamazonia.com.br\/en\/wp-json\/wp\/v2\/posts"}],"about":[{"href":"https:\/\/concertacaoamazonia.com.br\/en\/wp-json\/wp\/v2\/types\/post"}],"author":[{"embeddable":true,"href":"https:\/\/concertacaoamazonia.com.br\/en\/wp-json\/wp\/v2\/users\/226"}],"replies":[{"embeddable":true,"href":"https:\/\/concertacaoamazonia.com.br\/en\/wp-json\/wp\/v2\/comments?post=58983"}],"version-history":[{"count":0,"href":"https:\/\/concertacaoamazonia.com.br\/en\/wp-json\/wp\/v2\/posts\/58983\/revisions"}],"wp:featuredmedia":[{"embeddable":true,"href":"https:\/\/concertacaoamazonia.com.br\/en\/wp-json\/wp\/v2\/media\/58984"}],"wp:attachment":[{"href":"https:\/\/concertacaoamazonia.com.br\/en\/wp-json\/wp\/v2\/media?parent=58983"}],"wp:term":[{"taxonomy":"category","embeddable":true,"href":"https:\/\/concertacaoamazonia.com.br\/en\/wp-json\/wp\/v2\/categories?post=58983"},{"taxonomy":"post_tag","embeddable":true,"href":"https:\/\/concertacaoamazonia.com.br\/en\/wp-json\/wp\/v2\/tags?post=58983"},{"taxonomy":"veiculo","embeddable":true,"href":"https:\/\/concertacaoamazonia.com.br\/en\/wp-json\/wp\/v2\/veiculo?post=58983"},{"taxonomy":"ano","embeddable":true,"href":"https:\/\/concertacaoamazonia.com.br\/en\/wp-json\/wp\/v2\/ano?post=58983"},{"taxonomy":"eixos","embeddable":true,"href":"https:\/\/concertacaoamazonia.com.br\/en\/wp-json\/wp\/v2\/eixos?post=58983"}],"curies":[{"name":"wp","href":"https:\/\/api.w.org\/{rel}","templated":true}]}}