{"id":58946,"date":"2024-07-22T17:58:00","date_gmt":"2024-07-22T20:58:00","guid":{"rendered":"https:\/\/concertacaoamazonia.com.br\/?p=58946"},"modified":"2024-07-22T17:58:14","modified_gmt":"2024-07-22T20:58:14","slug":"amazonia-comando-vermelho-avanca-na-regiao-entre-brasil-colombia-e-peru","status":"publish","type":"post","link":"https:\/\/concertacaoamazonia.com.br\/en\/2024\/07\/22\/amazonia-comando-vermelho-avanca-na-regiao-entre-brasil-colombia-e-peru\/","title":{"rendered":"Amaz\u00f4nia: Comando Vermelho avan\u00e7a na regi\u00e3o entre Brasil, Col\u00f4mbia e Peru"},"content":{"rendered":"\n<p>Na regi\u00e3o da Amaz\u00f4nia conhecida como &#8220;Tr\u00eas Fronteiras&#8221;, que engloba Brasil, Col\u00f4mbia e Peru, a fac\u00e7\u00e3o criminosa CV (Comando Vermelho) expande sua atua\u00e7\u00e3o em busca do dom\u00ednio das rotas de tr\u00e1fico de coca\u00edna.<\/p>\n","protected":false},"excerpt":{"rendered":"<p>Na regi\u00e3o da Amaz\u00f4nia conhecida como &#8220;Tr\u00eas Fronteiras&#8221;, que engloba Brasil, Col\u00f4mbia e Peru, a fac\u00e7\u00e3o criminosa CV (Comando Vermelho) expande sua atua\u00e7\u00e3o em busca do dom\u00ednio das rotas de tr\u00e1fico de coca\u00edna.<\/p>\n","protected":false},"author":226,"featured_media":58947,"comment_status":"closed","ping_status":"closed","sticky":false,"template":"","format":"standard","meta":{"footnotes":""},"categories":[28],"tags":[],"veiculo":[1731],"ano":[2075],"eixos":[],"class_list":["post-58946","post","type-post","status-publish","format-standard","has-post-thumbnail","hentry","category-artigo-externo","veiculo-uol"],"_links":{"self":[{"href":"https:\/\/concertacaoamazonia.com.br\/en\/wp-json\/wp\/v2\/posts\/58946","targetHints":{"allow":["GET"]}}],"collection":[{"href":"https:\/\/concertacaoamazonia.com.br\/en\/wp-json\/wp\/v2\/posts"}],"about":[{"href":"https:\/\/concertacaoamazonia.com.br\/en\/wp-json\/wp\/v2\/types\/post"}],"author":[{"embeddable":true,"href":"https:\/\/concertacaoamazonia.com.br\/en\/wp-json\/wp\/v2\/users\/226"}],"replies":[{"embeddable":true,"href":"https:\/\/concertacaoamazonia.com.br\/en\/wp-json\/wp\/v2\/comments?post=58946"}],"version-history":[{"count":0,"href":"https:\/\/concertacaoamazonia.com.br\/en\/wp-json\/wp\/v2\/posts\/58946\/revisions"}],"wp:featuredmedia":[{"embeddable":true,"href":"https:\/\/concertacaoamazonia.com.br\/en\/wp-json\/wp\/v2\/media\/58947"}],"wp:attachment":[{"href":"https:\/\/concertacaoamazonia.com.br\/en\/wp-json\/wp\/v2\/media?parent=58946"}],"wp:term":[{"taxonomy":"category","embeddable":true,"href":"https:\/\/concertacaoamazonia.com.br\/en\/wp-json\/wp\/v2\/categories?post=58946"},{"taxonomy":"post_tag","embeddable":true,"href":"https:\/\/concertacaoamazonia.com.br\/en\/wp-json\/wp\/v2\/tags?post=58946"},{"taxonomy":"veiculo","embeddable":true,"href":"https:\/\/concertacaoamazonia.com.br\/en\/wp-json\/wp\/v2\/veiculo?post=58946"},{"taxonomy":"ano","embeddable":true,"href":"https:\/\/concertacaoamazonia.com.br\/en\/wp-json\/wp\/v2\/ano?post=58946"},{"taxonomy":"eixos","embeddable":true,"href":"https:\/\/concertacaoamazonia.com.br\/en\/wp-json\/wp\/v2\/eixos?post=58946"}],"curies":[{"name":"wp","href":"https:\/\/api.w.org\/{rel}","templated":true}]}}