{"id":58934,"date":"2024-07-22T17:51:02","date_gmt":"2024-07-22T20:51:02","guid":{"rendered":"https:\/\/concertacaoamazonia.com.br\/?p=58934"},"modified":"2024-07-22T17:51:04","modified_gmt":"2024-07-22T20:51:04","slug":"desabastecimento-plantacoes-destruidas-e-ate-falta-de-oxigenio-entenda-os-impactos-da-seca-em-cidades-do-amazonas","status":"publish","type":"post","link":"https:\/\/concertacaoamazonia.com.br\/en\/2024\/07\/22\/desabastecimento-plantacoes-destruidas-e-ate-falta-de-oxigenio-entenda-os-impactos-da-seca-em-cidades-do-amazonas\/","title":{"rendered":"Desabastecimento, planta\u00e7\u00f5es destru\u00eddas e at\u00e9 falta de oxig\u00eanio: entenda os impactos da seca em cidades do Amazonas"},"content":{"rendered":"\n<p>Expectativa do governo estadual \u00e9 que a estiagem de 2024 supere a do ano passado; 20 dos 62 munic\u00edpios amazonenses est\u00e3o em situa\u00e7\u00e3o de emerg\u00eancia<\/p>\n","protected":false},"excerpt":{"rendered":"<p>Expectativa do governo estadual \u00e9 que a estiagem de 2024 supere a do ano passado; 20 dos 62 munic\u00edpios amazonenses est\u00e3o em situa\u00e7\u00e3o de emerg\u00eancia<\/p>\n","protected":false},"author":226,"featured_media":58935,"comment_status":"closed","ping_status":"closed","sticky":false,"template":"","format":"standard","meta":{"footnotes":""},"categories":[28],"tags":[],"veiculo":[724],"ano":[2075],"eixos":[],"class_list":["post-58934","post","type-post","status-publish","format-standard","has-post-thumbnail","hentry","category-artigo-externo","veiculo-o-globo"],"_links":{"self":[{"href":"https:\/\/concertacaoamazonia.com.br\/en\/wp-json\/wp\/v2\/posts\/58934","targetHints":{"allow":["GET"]}}],"collection":[{"href":"https:\/\/concertacaoamazonia.com.br\/en\/wp-json\/wp\/v2\/posts"}],"about":[{"href":"https:\/\/concertacaoamazonia.com.br\/en\/wp-json\/wp\/v2\/types\/post"}],"author":[{"embeddable":true,"href":"https:\/\/concertacaoamazonia.com.br\/en\/wp-json\/wp\/v2\/users\/226"}],"replies":[{"embeddable":true,"href":"https:\/\/concertacaoamazonia.com.br\/en\/wp-json\/wp\/v2\/comments?post=58934"}],"version-history":[{"count":0,"href":"https:\/\/concertacaoamazonia.com.br\/en\/wp-json\/wp\/v2\/posts\/58934\/revisions"}],"wp:featuredmedia":[{"embeddable":true,"href":"https:\/\/concertacaoamazonia.com.br\/en\/wp-json\/wp\/v2\/media\/58935"}],"wp:attachment":[{"href":"https:\/\/concertacaoamazonia.com.br\/en\/wp-json\/wp\/v2\/media?parent=58934"}],"wp:term":[{"taxonomy":"category","embeddable":true,"href":"https:\/\/concertacaoamazonia.com.br\/en\/wp-json\/wp\/v2\/categories?post=58934"},{"taxonomy":"post_tag","embeddable":true,"href":"https:\/\/concertacaoamazonia.com.br\/en\/wp-json\/wp\/v2\/tags?post=58934"},{"taxonomy":"veiculo","embeddable":true,"href":"https:\/\/concertacaoamazonia.com.br\/en\/wp-json\/wp\/v2\/veiculo?post=58934"},{"taxonomy":"ano","embeddable":true,"href":"https:\/\/concertacaoamazonia.com.br\/en\/wp-json\/wp\/v2\/ano?post=58934"},{"taxonomy":"eixos","embeddable":true,"href":"https:\/\/concertacaoamazonia.com.br\/en\/wp-json\/wp\/v2\/eixos?post=58934"}],"curies":[{"name":"wp","href":"https:\/\/api.w.org\/{rel}","templated":true}]}}