{"id":58930,"date":"2024-07-22T17:48:27","date_gmt":"2024-07-22T20:48:27","guid":{"rendered":"https:\/\/concertacaoamazonia.com.br\/?p=58930"},"modified":"2024-07-22T17:48:29","modified_gmt":"2024-07-22T20:48:29","slug":"bomba-prestes-a-explodir-barcarena-no-para-vira-novo-polo-de-gas-natural","status":"publish","type":"post","link":"https:\/\/concertacaoamazonia.com.br\/en\/2024\/07\/22\/bomba-prestes-a-explodir-barcarena-no-para-vira-novo-polo-de-gas-natural\/","title":{"rendered":"\u201cBomba prestes a explodir\u201d, Barcarena, no Par\u00e1, vira novo polo de g\u00e1s natural"},"content":{"rendered":"\n<p>Termel\u00e9trica movida a combust\u00edvel f\u00f3ssil se soma a complexo industrial que acumulou 29 acidentes ambientais desde 2000<\/p>\n","protected":false},"excerpt":{"rendered":"<p>Termel\u00e9trica movida a combust\u00edvel f\u00f3ssil se soma a complexo industrial que acumulou 29 acidentes ambientais desde 2000<\/p>\n","protected":false},"author":226,"featured_media":58931,"comment_status":"closed","ping_status":"closed","sticky":false,"template":"","format":"standard","meta":{"footnotes":""},"categories":[28],"tags":[],"veiculo":[2096],"ano":[2075],"eixos":[],"class_list":["post-58930","post","type-post","status-publish","format-standard","has-post-thumbnail","hentry","category-artigo-externo","veiculo-apublica-org"],"_links":{"self":[{"href":"https:\/\/concertacaoamazonia.com.br\/en\/wp-json\/wp\/v2\/posts\/58930","targetHints":{"allow":["GET"]}}],"collection":[{"href":"https:\/\/concertacaoamazonia.com.br\/en\/wp-json\/wp\/v2\/posts"}],"about":[{"href":"https:\/\/concertacaoamazonia.com.br\/en\/wp-json\/wp\/v2\/types\/post"}],"author":[{"embeddable":true,"href":"https:\/\/concertacaoamazonia.com.br\/en\/wp-json\/wp\/v2\/users\/226"}],"replies":[{"embeddable":true,"href":"https:\/\/concertacaoamazonia.com.br\/en\/wp-json\/wp\/v2\/comments?post=58930"}],"version-history":[{"count":0,"href":"https:\/\/concertacaoamazonia.com.br\/en\/wp-json\/wp\/v2\/posts\/58930\/revisions"}],"wp:featuredmedia":[{"embeddable":true,"href":"https:\/\/concertacaoamazonia.com.br\/en\/wp-json\/wp\/v2\/media\/58931"}],"wp:attachment":[{"href":"https:\/\/concertacaoamazonia.com.br\/en\/wp-json\/wp\/v2\/media?parent=58930"}],"wp:term":[{"taxonomy":"category","embeddable":true,"href":"https:\/\/concertacaoamazonia.com.br\/en\/wp-json\/wp\/v2\/categories?post=58930"},{"taxonomy":"post_tag","embeddable":true,"href":"https:\/\/concertacaoamazonia.com.br\/en\/wp-json\/wp\/v2\/tags?post=58930"},{"taxonomy":"veiculo","embeddable":true,"href":"https:\/\/concertacaoamazonia.com.br\/en\/wp-json\/wp\/v2\/veiculo?post=58930"},{"taxonomy":"ano","embeddable":true,"href":"https:\/\/concertacaoamazonia.com.br\/en\/wp-json\/wp\/v2\/ano?post=58930"},{"taxonomy":"eixos","embeddable":true,"href":"https:\/\/concertacaoamazonia.com.br\/en\/wp-json\/wp\/v2\/eixos?post=58930"}],"curies":[{"name":"wp","href":"https:\/\/api.w.org\/{rel}","templated":true}]}}