{"id":58900,"date":"2024-07-22T17:21:54","date_gmt":"2024-07-22T20:21:54","guid":{"rendered":"https:\/\/concertacaoamazonia.com.br\/?p=58900"},"modified":"2024-07-22T17:21:56","modified_gmt":"2024-07-22T20:21:56","slug":"parakana-denunciam-ataque-de-pistoleiros-em-terra-indigena-mais-desmatada-do-pais","status":"publish","type":"post","link":"https:\/\/concertacaoamazonia.com.br\/en\/2024\/07\/22\/parakana-denunciam-ataque-de-pistoleiros-em-terra-indigena-mais-desmatada-do-pais\/","title":{"rendered":"Parakan\u00e3 denunciam ataque de pistoleiros em terra ind\u00edgena mais desmatada do pa\u00eds"},"content":{"rendered":"\n<p>Ind\u00edgenas relatam viol\u00eancia e novas invas\u00f5es na TI Apyterewa mesmo depois da remo\u00e7\u00e3o de ocupantes irregulares em fevereiro; Ap\u00f3s a retirada do gado, lavouras de cacau deixadas para tr\u00e1s s\u00e3o novo ponto de tens\u00e3o; Associa\u00e7\u00e3o do povo Parakan\u00e3 pede reuni\u00e3o de emerg\u00eancia<\/p>\n","protected":false},"excerpt":{"rendered":"<p>Ind\u00edgenas relatam viol\u00eancia e novas invas\u00f5es na TI Apyterewa mesmo depois da remo\u00e7\u00e3o de ocupantes irregulares em fevereiro; Ap\u00f3s a retirada do gado, lavouras de cacau deixadas para tr\u00e1s s\u00e3o novo ponto de tens\u00e3o; Associa\u00e7\u00e3o do povo Parakan\u00e3 pede reuni\u00e3o de emerg\u00eancia<\/p>\n","protected":false},"author":226,"featured_media":58901,"comment_status":"closed","ping_status":"closed","sticky":false,"template":"","format":"standard","meta":{"footnotes":""},"categories":[28],"tags":[],"veiculo":[2105],"ano":[2075],"eixos":[],"class_list":["post-58900","post","type-post","status-publish","format-standard","has-post-thumbnail","hentry","category-artigo-externo","veiculo-reporter-brasil"],"_links":{"self":[{"href":"https:\/\/concertacaoamazonia.com.br\/en\/wp-json\/wp\/v2\/posts\/58900","targetHints":{"allow":["GET"]}}],"collection":[{"href":"https:\/\/concertacaoamazonia.com.br\/en\/wp-json\/wp\/v2\/posts"}],"about":[{"href":"https:\/\/concertacaoamazonia.com.br\/en\/wp-json\/wp\/v2\/types\/post"}],"author":[{"embeddable":true,"href":"https:\/\/concertacaoamazonia.com.br\/en\/wp-json\/wp\/v2\/users\/226"}],"replies":[{"embeddable":true,"href":"https:\/\/concertacaoamazonia.com.br\/en\/wp-json\/wp\/v2\/comments?post=58900"}],"version-history":[{"count":0,"href":"https:\/\/concertacaoamazonia.com.br\/en\/wp-json\/wp\/v2\/posts\/58900\/revisions"}],"wp:featuredmedia":[{"embeddable":true,"href":"https:\/\/concertacaoamazonia.com.br\/en\/wp-json\/wp\/v2\/media\/58901"}],"wp:attachment":[{"href":"https:\/\/concertacaoamazonia.com.br\/en\/wp-json\/wp\/v2\/media?parent=58900"}],"wp:term":[{"taxonomy":"category","embeddable":true,"href":"https:\/\/concertacaoamazonia.com.br\/en\/wp-json\/wp\/v2\/categories?post=58900"},{"taxonomy":"post_tag","embeddable":true,"href":"https:\/\/concertacaoamazonia.com.br\/en\/wp-json\/wp\/v2\/tags?post=58900"},{"taxonomy":"veiculo","embeddable":true,"href":"https:\/\/concertacaoamazonia.com.br\/en\/wp-json\/wp\/v2\/veiculo?post=58900"},{"taxonomy":"ano","embeddable":true,"href":"https:\/\/concertacaoamazonia.com.br\/en\/wp-json\/wp\/v2\/ano?post=58900"},{"taxonomy":"eixos","embeddable":true,"href":"https:\/\/concertacaoamazonia.com.br\/en\/wp-json\/wp\/v2\/eixos?post=58900"}],"curies":[{"name":"wp","href":"https:\/\/api.w.org\/{rel}","templated":true}]}}