{"id":58896,"date":"2024-07-22T17:20:11","date_gmt":"2024-07-22T20:20:11","guid":{"rendered":"https:\/\/concertacaoamazonia.com.br\/?p=58896"},"modified":"2024-07-22T17:20:14","modified_gmt":"2024-07-22T20:20:14","slug":"minas-e-energia-aprova-diretrizes-para-projetos-de-energia-na-amazonia-legal","status":"publish","type":"post","link":"https:\/\/concertacaoamazonia.com.br\/en\/2024\/07\/22\/minas-e-energia-aprova-diretrizes-para-projetos-de-energia-na-amazonia-legal\/","title":{"rendered":"Minas e Energia aprova diretrizes para projetos de energia na Amaz\u00f4nia Legal"},"content":{"rendered":"\n<p><em>Comit\u00ea gestor definiu nesta 4\u00aa feira (17) as regras para apresenta\u00e7\u00e3o, sele\u00e7\u00e3o e execu\u00e7\u00e3o de projetos de energia que receber\u00e3o recursos do Pr\u00f3-Amaz\u00f4nia Legal.\u00a0<\/em><\/p>\n","protected":false},"excerpt":{"rendered":"<p>Comit\u00ea gestor definiu nesta 4\u00aa feira (17) as regras para apresenta\u00e7\u00e3o, sele\u00e7\u00e3o e execu\u00e7\u00e3o de projetos de energia que receber\u00e3o recursos do Pr\u00f3-Amaz\u00f4nia Legal. <\/p>\n","protected":false},"author":226,"featured_media":58897,"comment_status":"closed","ping_status":"closed","sticky":false,"template":"","format":"standard","meta":{"footnotes":""},"categories":[28],"tags":[],"veiculo":[1850],"ano":[2075],"eixos":[],"class_list":["post-58896","post","type-post","status-publish","format-standard","has-post-thumbnail","hentry","category-artigo-externo","veiculo-clima-info"],"_links":{"self":[{"href":"https:\/\/concertacaoamazonia.com.br\/en\/wp-json\/wp\/v2\/posts\/58896","targetHints":{"allow":["GET"]}}],"collection":[{"href":"https:\/\/concertacaoamazonia.com.br\/en\/wp-json\/wp\/v2\/posts"}],"about":[{"href":"https:\/\/concertacaoamazonia.com.br\/en\/wp-json\/wp\/v2\/types\/post"}],"author":[{"embeddable":true,"href":"https:\/\/concertacaoamazonia.com.br\/en\/wp-json\/wp\/v2\/users\/226"}],"replies":[{"embeddable":true,"href":"https:\/\/concertacaoamazonia.com.br\/en\/wp-json\/wp\/v2\/comments?post=58896"}],"version-history":[{"count":0,"href":"https:\/\/concertacaoamazonia.com.br\/en\/wp-json\/wp\/v2\/posts\/58896\/revisions"}],"wp:featuredmedia":[{"embeddable":true,"href":"https:\/\/concertacaoamazonia.com.br\/en\/wp-json\/wp\/v2\/media\/58897"}],"wp:attachment":[{"href":"https:\/\/concertacaoamazonia.com.br\/en\/wp-json\/wp\/v2\/media?parent=58896"}],"wp:term":[{"taxonomy":"category","embeddable":true,"href":"https:\/\/concertacaoamazonia.com.br\/en\/wp-json\/wp\/v2\/categories?post=58896"},{"taxonomy":"post_tag","embeddable":true,"href":"https:\/\/concertacaoamazonia.com.br\/en\/wp-json\/wp\/v2\/tags?post=58896"},{"taxonomy":"veiculo","embeddable":true,"href":"https:\/\/concertacaoamazonia.com.br\/en\/wp-json\/wp\/v2\/veiculo?post=58896"},{"taxonomy":"ano","embeddable":true,"href":"https:\/\/concertacaoamazonia.com.br\/en\/wp-json\/wp\/v2\/ano?post=58896"},{"taxonomy":"eixos","embeddable":true,"href":"https:\/\/concertacaoamazonia.com.br\/en\/wp-json\/wp\/v2\/eixos?post=58896"}],"curies":[{"name":"wp","href":"https:\/\/api.w.org\/{rel}","templated":true}]}}