{"id":58869,"date":"2024-07-18T10:45:41","date_gmt":"2024-07-18T13:45:41","guid":{"rendered":"https:\/\/concertacaoamazonia.com.br\/?p=58869"},"modified":"2024-07-22T17:24:09","modified_gmt":"2024-07-22T20:24:09","slug":"seca-afeta-10-mil-pessoas-isola-comunidades-e-causa-desabastecimento-no-amazonas","status":"publish","type":"post","link":"https:\/\/concertacaoamazonia.com.br\/en\/2024\/07\/18\/seca-afeta-10-mil-pessoas-isola-comunidades-e-causa-desabastecimento-no-amazonas\/","title":{"rendered":"Seca afeta 10 mil pessoas, isola comunidades e causa desabastecimento no Amazonas"},"content":{"rendered":"\n<p>Segundo o governo do Amazonas, estiagem deste ano pode ser mais severa do que a de 2023. Dos 62 munic\u00edpios do estado, 20 est\u00e3o em estado de emerg\u00eancia.<\/p>\n","protected":false},"excerpt":{"rendered":"<p>Segundo o governo do Amazonas, estiagem deste ano pode ser mais severa do que a de 2023. Dos 62 munic\u00edpios do estado, 20 est\u00e3o em estado de emerg\u00eancia.<\/p>\n","protected":false},"author":226,"featured_media":58870,"comment_status":"closed","ping_status":"closed","sticky":false,"template":"","format":"standard","meta":{"footnotes":""},"categories":[28],"tags":[],"veiculo":[714],"ano":[2075],"eixos":[],"class_list":["post-58869","post","type-post","status-publish","format-standard","has-post-thumbnail","hentry","category-artigo-externo","veiculo-g1"],"_links":{"self":[{"href":"https:\/\/concertacaoamazonia.com.br\/en\/wp-json\/wp\/v2\/posts\/58869","targetHints":{"allow":["GET"]}}],"collection":[{"href":"https:\/\/concertacaoamazonia.com.br\/en\/wp-json\/wp\/v2\/posts"}],"about":[{"href":"https:\/\/concertacaoamazonia.com.br\/en\/wp-json\/wp\/v2\/types\/post"}],"author":[{"embeddable":true,"href":"https:\/\/concertacaoamazonia.com.br\/en\/wp-json\/wp\/v2\/users\/226"}],"replies":[{"embeddable":true,"href":"https:\/\/concertacaoamazonia.com.br\/en\/wp-json\/wp\/v2\/comments?post=58869"}],"version-history":[{"count":0,"href":"https:\/\/concertacaoamazonia.com.br\/en\/wp-json\/wp\/v2\/posts\/58869\/revisions"}],"wp:featuredmedia":[{"embeddable":true,"href":"https:\/\/concertacaoamazonia.com.br\/en\/wp-json\/wp\/v2\/media\/58870"}],"wp:attachment":[{"href":"https:\/\/concertacaoamazonia.com.br\/en\/wp-json\/wp\/v2\/media?parent=58869"}],"wp:term":[{"taxonomy":"category","embeddable":true,"href":"https:\/\/concertacaoamazonia.com.br\/en\/wp-json\/wp\/v2\/categories?post=58869"},{"taxonomy":"post_tag","embeddable":true,"href":"https:\/\/concertacaoamazonia.com.br\/en\/wp-json\/wp\/v2\/tags?post=58869"},{"taxonomy":"veiculo","embeddable":true,"href":"https:\/\/concertacaoamazonia.com.br\/en\/wp-json\/wp\/v2\/veiculo?post=58869"},{"taxonomy":"ano","embeddable":true,"href":"https:\/\/concertacaoamazonia.com.br\/en\/wp-json\/wp\/v2\/ano?post=58869"},{"taxonomy":"eixos","embeddable":true,"href":"https:\/\/concertacaoamazonia.com.br\/en\/wp-json\/wp\/v2\/eixos?post=58869"}],"curies":[{"name":"wp","href":"https:\/\/api.w.org\/{rel}","templated":true}]}}