{"id":58861,"date":"2024-07-18T10:38:25","date_gmt":"2024-07-18T13:38:25","guid":{"rendered":"https:\/\/concertacaoamazonia.com.br\/?p=58861"},"modified":"2024-07-18T10:38:27","modified_gmt":"2024-07-18T13:38:27","slug":"organizacao-pan-americana-da-saude-tera-projeto-na-amazonia-para-evitar-novas-pandemias","status":"publish","type":"post","link":"https:\/\/concertacaoamazonia.com.br\/en\/2024\/07\/18\/organizacao-pan-americana-da-saude-tera-projeto-na-amazonia-para-evitar-novas-pandemias\/","title":{"rendered":"Organiza\u00e7\u00e3o Pan-americana da Sa\u00fade ter\u00e1 projeto na Amaz\u00f4nia para evitar novas pandemias"},"content":{"rendered":"\n<p>Iniciativa deve beneficiar 2,4 milh\u00f5es de pessoas em sete pa\u00edses da Am\u00e9rica do Sul, entre eles o Brasil; investimento soma cerca de 17 milh\u00f5es de d\u00f3lares<\/p>\n","protected":false},"excerpt":{"rendered":"<p>Iniciativa deve beneficiar 2,4 milh\u00f5es de pessoas em sete pa\u00edses da Am\u00e9rica do Sul, entre eles o Brasil; investimento soma cerca de 17 milh\u00f5es de d\u00f3lares<\/p>\n","protected":false},"author":226,"featured_media":58862,"comment_status":"closed","ping_status":"closed","sticky":false,"template":"","format":"standard","meta":{"footnotes":""},"categories":[28],"tags":[],"veiculo":[711],"ano":[2075],"eixos":[],"class_list":["post-58861","post","type-post","status-publish","format-standard","has-post-thumbnail","hentry","category-artigo-externo","veiculo-estadao"],"_links":{"self":[{"href":"https:\/\/concertacaoamazonia.com.br\/en\/wp-json\/wp\/v2\/posts\/58861","targetHints":{"allow":["GET"]}}],"collection":[{"href":"https:\/\/concertacaoamazonia.com.br\/en\/wp-json\/wp\/v2\/posts"}],"about":[{"href":"https:\/\/concertacaoamazonia.com.br\/en\/wp-json\/wp\/v2\/types\/post"}],"author":[{"embeddable":true,"href":"https:\/\/concertacaoamazonia.com.br\/en\/wp-json\/wp\/v2\/users\/226"}],"replies":[{"embeddable":true,"href":"https:\/\/concertacaoamazonia.com.br\/en\/wp-json\/wp\/v2\/comments?post=58861"}],"version-history":[{"count":0,"href":"https:\/\/concertacaoamazonia.com.br\/en\/wp-json\/wp\/v2\/posts\/58861\/revisions"}],"wp:featuredmedia":[{"embeddable":true,"href":"https:\/\/concertacaoamazonia.com.br\/en\/wp-json\/wp\/v2\/media\/58862"}],"wp:attachment":[{"href":"https:\/\/concertacaoamazonia.com.br\/en\/wp-json\/wp\/v2\/media?parent=58861"}],"wp:term":[{"taxonomy":"category","embeddable":true,"href":"https:\/\/concertacaoamazonia.com.br\/en\/wp-json\/wp\/v2\/categories?post=58861"},{"taxonomy":"post_tag","embeddable":true,"href":"https:\/\/concertacaoamazonia.com.br\/en\/wp-json\/wp\/v2\/tags?post=58861"},{"taxonomy":"veiculo","embeddable":true,"href":"https:\/\/concertacaoamazonia.com.br\/en\/wp-json\/wp\/v2\/veiculo?post=58861"},{"taxonomy":"ano","embeddable":true,"href":"https:\/\/concertacaoamazonia.com.br\/en\/wp-json\/wp\/v2\/ano?post=58861"},{"taxonomy":"eixos","embeddable":true,"href":"https:\/\/concertacaoamazonia.com.br\/en\/wp-json\/wp\/v2\/eixos?post=58861"}],"curies":[{"name":"wp","href":"https:\/\/api.w.org\/{rel}","templated":true}]}}