{"id":58828,"date":"2024-07-16T15:16:30","date_gmt":"2024-07-16T18:16:30","guid":{"rendered":"https:\/\/concertacaoamazonia.com.br\/?p=58828"},"modified":"2024-07-16T15:16:34","modified_gmt":"2024-07-16T18:16:34","slug":"aquecimento-da-agua-na-amazonia-e-generalizado-alertam-pesquisadores","status":"publish","type":"post","link":"https:\/\/concertacaoamazonia.com.br\/en\/2024\/07\/16\/aquecimento-da-agua-na-amazonia-e-generalizado-alertam-pesquisadores\/","title":{"rendered":"Aquecimento da \u00e1gua na Amaz\u00f4nia \u00e9 generalizado, alertam pesquisadores"},"content":{"rendered":"\n<p>Temperatura da superf\u00edcie de lagos na regi\u00e3o central do bioma tem aumentado 0,6\u00baC por d\u00e9cada, aponta estudo apresentado durante a 76\u00aa Reuni\u00e3o Anual da SBPC<\/p>\n","protected":false},"excerpt":{"rendered":"<p>Temperatura da superf\u00edcie de lagos na regi\u00e3o central do bioma tem aumentado 0,6\u00baC por d\u00e9cada, aponta estudo apresentado durante a 76\u00aa Reuni\u00e3o Anual da SBPC<\/p>\n","protected":false},"author":226,"featured_media":58829,"comment_status":"closed","ping_status":"closed","sticky":false,"template":"","format":"standard","meta":{"footnotes":""},"categories":[28],"tags":[],"veiculo":[1527],"ano":[2075],"eixos":[],"class_list":["post-58828","post","type-post","status-publish","format-standard","has-post-thumbnail","hentry","category-artigo-externo","veiculo-agencia-fapesp"],"_links":{"self":[{"href":"https:\/\/concertacaoamazonia.com.br\/en\/wp-json\/wp\/v2\/posts\/58828","targetHints":{"allow":["GET"]}}],"collection":[{"href":"https:\/\/concertacaoamazonia.com.br\/en\/wp-json\/wp\/v2\/posts"}],"about":[{"href":"https:\/\/concertacaoamazonia.com.br\/en\/wp-json\/wp\/v2\/types\/post"}],"author":[{"embeddable":true,"href":"https:\/\/concertacaoamazonia.com.br\/en\/wp-json\/wp\/v2\/users\/226"}],"replies":[{"embeddable":true,"href":"https:\/\/concertacaoamazonia.com.br\/en\/wp-json\/wp\/v2\/comments?post=58828"}],"version-history":[{"count":0,"href":"https:\/\/concertacaoamazonia.com.br\/en\/wp-json\/wp\/v2\/posts\/58828\/revisions"}],"wp:featuredmedia":[{"embeddable":true,"href":"https:\/\/concertacaoamazonia.com.br\/en\/wp-json\/wp\/v2\/media\/58829"}],"wp:attachment":[{"href":"https:\/\/concertacaoamazonia.com.br\/en\/wp-json\/wp\/v2\/media?parent=58828"}],"wp:term":[{"taxonomy":"category","embeddable":true,"href":"https:\/\/concertacaoamazonia.com.br\/en\/wp-json\/wp\/v2\/categories?post=58828"},{"taxonomy":"post_tag","embeddable":true,"href":"https:\/\/concertacaoamazonia.com.br\/en\/wp-json\/wp\/v2\/tags?post=58828"},{"taxonomy":"veiculo","embeddable":true,"href":"https:\/\/concertacaoamazonia.com.br\/en\/wp-json\/wp\/v2\/veiculo?post=58828"},{"taxonomy":"ano","embeddable":true,"href":"https:\/\/concertacaoamazonia.com.br\/en\/wp-json\/wp\/v2\/ano?post=58828"},{"taxonomy":"eixos","embeddable":true,"href":"https:\/\/concertacaoamazonia.com.br\/en\/wp-json\/wp\/v2\/eixos?post=58828"}],"curies":[{"name":"wp","href":"https:\/\/api.w.org\/{rel}","templated":true}]}}