{"id":58820,"date":"2024-07-16T15:08:57","date_gmt":"2024-07-16T18:08:57","guid":{"rendered":"https:\/\/concertacaoamazonia.com.br\/?p=58820"},"modified":"2024-07-16T15:08:58","modified_gmt":"2024-07-16T18:08:58","slug":"foz-do-amazonas-e-supersensivel-a-oleo-e-exploracao-carece-de-dados-cientificos-dizem-pesquisadores","status":"publish","type":"post","link":"https:\/\/concertacaoamazonia.com.br\/en\/2024\/07\/16\/foz-do-amazonas-e-supersensivel-a-oleo-e-exploracao-carece-de-dados-cientificos-dizem-pesquisadores\/","title":{"rendered":"Foz do Amazonas \u00e9 supersens\u00edvel a \u00f3leo e explora\u00e7\u00e3o carece de dados cient\u00edficos, dizem pesquisadores"},"content":{"rendered":"\n<p>Cientistas lembram exist\u00eancia de atlas de sensibilidade ambiental em caso de vazamento e defendem que estudos norteiem decis\u00f5es<\/p>\n","protected":false},"excerpt":{"rendered":"<p>Cientistas lembram exist\u00eancia de atlas de sensibilidade ambiental em caso de vazamento e defendem que estudos norteiem decis\u00f5es<\/p>\n","protected":false},"author":226,"featured_media":58821,"comment_status":"closed","ping_status":"closed","sticky":false,"template":"","format":"standard","meta":{"footnotes":""},"categories":[28],"tags":[],"veiculo":[1871],"ano":[2075],"eixos":[],"class_list":["post-58820","post","type-post","status-publish","format-standard","has-post-thumbnail","hentry","category-artigo-externo","veiculo-folha-de-sao-paulo-en-2"],"_links":{"self":[{"href":"https:\/\/concertacaoamazonia.com.br\/en\/wp-json\/wp\/v2\/posts\/58820","targetHints":{"allow":["GET"]}}],"collection":[{"href":"https:\/\/concertacaoamazonia.com.br\/en\/wp-json\/wp\/v2\/posts"}],"about":[{"href":"https:\/\/concertacaoamazonia.com.br\/en\/wp-json\/wp\/v2\/types\/post"}],"author":[{"embeddable":true,"href":"https:\/\/concertacaoamazonia.com.br\/en\/wp-json\/wp\/v2\/users\/226"}],"replies":[{"embeddable":true,"href":"https:\/\/concertacaoamazonia.com.br\/en\/wp-json\/wp\/v2\/comments?post=58820"}],"version-history":[{"count":0,"href":"https:\/\/concertacaoamazonia.com.br\/en\/wp-json\/wp\/v2\/posts\/58820\/revisions"}],"wp:featuredmedia":[{"embeddable":true,"href":"https:\/\/concertacaoamazonia.com.br\/en\/wp-json\/wp\/v2\/media\/58821"}],"wp:attachment":[{"href":"https:\/\/concertacaoamazonia.com.br\/en\/wp-json\/wp\/v2\/media?parent=58820"}],"wp:term":[{"taxonomy":"category","embeddable":true,"href":"https:\/\/concertacaoamazonia.com.br\/en\/wp-json\/wp\/v2\/categories?post=58820"},{"taxonomy":"post_tag","embeddable":true,"href":"https:\/\/concertacaoamazonia.com.br\/en\/wp-json\/wp\/v2\/tags?post=58820"},{"taxonomy":"veiculo","embeddable":true,"href":"https:\/\/concertacaoamazonia.com.br\/en\/wp-json\/wp\/v2\/veiculo?post=58820"},{"taxonomy":"ano","embeddable":true,"href":"https:\/\/concertacaoamazonia.com.br\/en\/wp-json\/wp\/v2\/ano?post=58820"},{"taxonomy":"eixos","embeddable":true,"href":"https:\/\/concertacaoamazonia.com.br\/en\/wp-json\/wp\/v2\/eixos?post=58820"}],"curies":[{"name":"wp","href":"https:\/\/api.w.org\/{rel}","templated":true}]}}