{"id":58755,"date":"2024-07-15T11:30:09","date_gmt":"2024-07-15T14:30:09","guid":{"rendered":"https:\/\/concertacaoamazonia.com.br\/?p=58755"},"modified":"2024-07-15T11:30:26","modified_gmt":"2024-07-15T14:30:26","slug":"povos-da-floresta-se-tornam-protagonistas-de-uma-poderosa-rede-de-conexao-por-internet-na-amazonia","status":"publish","type":"post","link":"https:\/\/concertacaoamazonia.com.br\/en\/2024\/07\/15\/povos-da-floresta-se-tornam-protagonistas-de-uma-poderosa-rede-de-conexao-por-internet-na-amazonia\/","title":{"rendered":"Povos da floresta se tornam protagonistas de uma poderosa rede de conex\u00e3o por internet na Amaz\u00f4nia"},"content":{"rendered":"\n<p>Conex\u00e3o Povos da Floresta \u00e9 o maior projeto de conectividade entre povos ind\u00edgenas, comunidades quilombolas e extrativistas<\/p>\n","protected":false},"excerpt":{"rendered":"<p>Conex\u00e3o Povos da Floresta \u00e9 o maior projeto de conectividade entre povos ind\u00edgenas, comunidades quilombolas e extrativistas<\/p>\n<p>Este trecho \u00e9 parte de conte\u00fado que pode ser compartilhado utilizando o link https:\/\/valor.globo.com\/eu-e\/noticia\/2024\/07\/12\/povos-da-floresta-se-tornam-protagonistas-de-uma-poderosa-rede-de-conexao-por-internet-na-amazonia.ghtml ou as ferramentas oferecidas na p\u00e1gina.<br \/>\nTextos, fotos, artes e v\u00eddeos do Valor est\u00e3o protegidos pela legisla\u00e7\u00e3o brasileira sobre direito autoral. N\u00e3o reproduza o conte\u00fado do jornal em qualquer meio de comunica\u00e7\u00e3o, eletr\u00f4nico ou impresso, sem autoriza\u00e7\u00e3o do Valor (falecom@valor.com.br). Essas regras t\u00eam como objetivo proteger o investimento que o Valor faz na qualidade de seu jornalismo.<\/p>\n","protected":false},"author":226,"featured_media":58756,"comment_status":"closed","ping_status":"closed","sticky":false,"template":"","format":"standard","meta":{"footnotes":""},"categories":[28],"tags":[],"veiculo":[1873],"ano":[2075],"eixos":[],"class_list":["post-58755","post","type-post","status-publish","format-standard","has-post-thumbnail","hentry","category-artigo-externo","veiculo-valor-economico-en-2"],"_links":{"self":[{"href":"https:\/\/concertacaoamazonia.com.br\/en\/wp-json\/wp\/v2\/posts\/58755","targetHints":{"allow":["GET"]}}],"collection":[{"href":"https:\/\/concertacaoamazonia.com.br\/en\/wp-json\/wp\/v2\/posts"}],"about":[{"href":"https:\/\/concertacaoamazonia.com.br\/en\/wp-json\/wp\/v2\/types\/post"}],"author":[{"embeddable":true,"href":"https:\/\/concertacaoamazonia.com.br\/en\/wp-json\/wp\/v2\/users\/226"}],"replies":[{"embeddable":true,"href":"https:\/\/concertacaoamazonia.com.br\/en\/wp-json\/wp\/v2\/comments?post=58755"}],"version-history":[{"count":0,"href":"https:\/\/concertacaoamazonia.com.br\/en\/wp-json\/wp\/v2\/posts\/58755\/revisions"}],"wp:featuredmedia":[{"embeddable":true,"href":"https:\/\/concertacaoamazonia.com.br\/en\/wp-json\/wp\/v2\/media\/58756"}],"wp:attachment":[{"href":"https:\/\/concertacaoamazonia.com.br\/en\/wp-json\/wp\/v2\/media?parent=58755"}],"wp:term":[{"taxonomy":"category","embeddable":true,"href":"https:\/\/concertacaoamazonia.com.br\/en\/wp-json\/wp\/v2\/categories?post=58755"},{"taxonomy":"post_tag","embeddable":true,"href":"https:\/\/concertacaoamazonia.com.br\/en\/wp-json\/wp\/v2\/tags?post=58755"},{"taxonomy":"veiculo","embeddable":true,"href":"https:\/\/concertacaoamazonia.com.br\/en\/wp-json\/wp\/v2\/veiculo?post=58755"},{"taxonomy":"ano","embeddable":true,"href":"https:\/\/concertacaoamazonia.com.br\/en\/wp-json\/wp\/v2\/ano?post=58755"},{"taxonomy":"eixos","embeddable":true,"href":"https:\/\/concertacaoamazonia.com.br\/en\/wp-json\/wp\/v2\/eixos?post=58755"}],"curies":[{"name":"wp","href":"https:\/\/api.w.org\/{rel}","templated":true}]}}