{"id":58751,"date":"2024-07-15T11:27:29","date_gmt":"2024-07-15T14:27:29","guid":{"rendered":"https:\/\/concertacaoamazonia.com.br\/?p=58751"},"modified":"2024-07-15T11:27:32","modified_gmt":"2024-07-15T14:27:32","slug":"o-caminho-do-brasil-rumo-a-cop30-depende-do-codigo-florestal","status":"publish","type":"post","link":"https:\/\/concertacaoamazonia.com.br\/en\/2024\/07\/15\/o-caminho-do-brasil-rumo-a-cop30-depende-do-codigo-florestal\/","title":{"rendered":"O caminho do Brasil rumo \u00e0 COP30 depende do C\u00f3digo Florestal"},"content":{"rendered":"\n<p>O documento, que estabelece normas para a prote\u00e7\u00e3o da vegeta\u00e7\u00e3o nativa em \u00e1reas rurais, \u00e9 um importante mecanismo para reverter os \u00edndices de devasta\u00e7\u00e3o em biomas como a Amaz\u00f4nia<\/p>\n","protected":false},"excerpt":{"rendered":"<p>O documento, que estabelece normas para a prote\u00e7\u00e3o da vegeta\u00e7\u00e3o nativa em \u00e1reas rurais, \u00e9 um importante mecanismo para reverter os \u00edndices de devasta\u00e7\u00e3o em biomas como a Amaz\u00f4nia<\/p>\n","protected":false},"author":226,"featured_media":58752,"comment_status":"closed","ping_status":"closed","sticky":false,"template":"","format":"standard","meta":{"footnotes":""},"categories":[28],"tags":[],"veiculo":[1873],"ano":[2075],"eixos":[],"class_list":["post-58751","post","type-post","status-publish","format-standard","has-post-thumbnail","hentry","category-artigo-externo","veiculo-valor-economico-en-2"],"_links":{"self":[{"href":"https:\/\/concertacaoamazonia.com.br\/en\/wp-json\/wp\/v2\/posts\/58751","targetHints":{"allow":["GET"]}}],"collection":[{"href":"https:\/\/concertacaoamazonia.com.br\/en\/wp-json\/wp\/v2\/posts"}],"about":[{"href":"https:\/\/concertacaoamazonia.com.br\/en\/wp-json\/wp\/v2\/types\/post"}],"author":[{"embeddable":true,"href":"https:\/\/concertacaoamazonia.com.br\/en\/wp-json\/wp\/v2\/users\/226"}],"replies":[{"embeddable":true,"href":"https:\/\/concertacaoamazonia.com.br\/en\/wp-json\/wp\/v2\/comments?post=58751"}],"version-history":[{"count":0,"href":"https:\/\/concertacaoamazonia.com.br\/en\/wp-json\/wp\/v2\/posts\/58751\/revisions"}],"wp:featuredmedia":[{"embeddable":true,"href":"https:\/\/concertacaoamazonia.com.br\/en\/wp-json\/wp\/v2\/media\/58752"}],"wp:attachment":[{"href":"https:\/\/concertacaoamazonia.com.br\/en\/wp-json\/wp\/v2\/media?parent=58751"}],"wp:term":[{"taxonomy":"category","embeddable":true,"href":"https:\/\/concertacaoamazonia.com.br\/en\/wp-json\/wp\/v2\/categories?post=58751"},{"taxonomy":"post_tag","embeddable":true,"href":"https:\/\/concertacaoamazonia.com.br\/en\/wp-json\/wp\/v2\/tags?post=58751"},{"taxonomy":"veiculo","embeddable":true,"href":"https:\/\/concertacaoamazonia.com.br\/en\/wp-json\/wp\/v2\/veiculo?post=58751"},{"taxonomy":"ano","embeddable":true,"href":"https:\/\/concertacaoamazonia.com.br\/en\/wp-json\/wp\/v2\/ano?post=58751"},{"taxonomy":"eixos","embeddable":true,"href":"https:\/\/concertacaoamazonia.com.br\/en\/wp-json\/wp\/v2\/eixos?post=58751"}],"curies":[{"name":"wp","href":"https:\/\/api.w.org\/{rel}","templated":true}]}}