{"id":58743,"date":"2024-07-15T11:14:47","date_gmt":"2024-07-15T14:14:47","guid":{"rendered":"https:\/\/concertacaoamazonia.com.br\/?p=58743"},"modified":"2024-07-15T11:14:50","modified_gmt":"2024-07-15T14:14:50","slug":"inpa-mamiraua-e-museu-goeldi-lancam-coletanea-com-100-experiencias-de-tecnologia-social-na-amazonia","status":"publish","type":"post","link":"https:\/\/concertacaoamazonia.com.br\/en\/2024\/07\/15\/inpa-mamiraua-e-museu-goeldi-lancam-coletanea-com-100-experiencias-de-tecnologia-social-na-amazonia\/","title":{"rendered":"Inpa, Mamirau\u00e1 e Museu Goeldi lan\u00e7am colet\u00e2nea com 100 experi\u00eancias de Tecnologia Social na Amaz\u00f4nia"},"content":{"rendered":"\n<p>Uma colet\u00e2nea com 100 experi\u00eancias de Tecnologia Social (TS) da Amaz\u00f4nia foi lan\u00e7ada nesta quinta-feira (11) na 76\u00aa Reuni\u00e3o Anual da Sociedade Brasileira para o Progresso da Ci\u00eancia (SBPC), em Bel\u00e9m (PA). A iniciativa \u00e9 fruto de programa do Minist\u00e9rio da Ci\u00eancia, Tecnologia e Inova\u00e7\u00e3o (MCTI) que contou com o trabalho em coopera\u00e7\u00e3o das tr\u00eas institui\u00e7\u00f5es vinculadas na Amaz\u00f4nia do Minist\u00e9rio: Instituto Nacional de Pesquisas da Amaz\u00f4nia (Inpa),<\/p>\n","protected":false},"excerpt":{"rendered":"<p>Uma colet\u00e2nea com 100 experi\u00eancias de Tecnologia Social (TS) da Amaz\u00f4nia foi lan\u00e7ada nesta quinta-feira (11) na 76\u00aa Reuni\u00e3o Anual da Sociedade Brasileira para o Progresso da Ci\u00eancia (SBPC), em Bel\u00e9m (PA). A iniciativa \u00e9 fruto de programa do Minist\u00e9rio da Ci\u00eancia, Tecnologia e Inova\u00e7\u00e3o (MCTI) que contou com o trabalho em coopera\u00e7\u00e3o das tr\u00eas institui\u00e7\u00f5es vinculadas na Amaz\u00f4nia do Minist\u00e9rio: Instituto Nacional de Pesquisas da Amaz\u00f4nia (Inpa),<\/p>\n","protected":false},"author":226,"featured_media":58744,"comment_status":"closed","ping_status":"closed","sticky":false,"template":"","format":"standard","meta":{"footnotes":""},"categories":[28],"tags":[],"veiculo":[716],"ano":[2075],"eixos":[],"class_list":["post-58743","post","type-post","status-publish","format-standard","has-post-thumbnail","hentry","category-artigo-externo","veiculo-governo-federal"],"_links":{"self":[{"href":"https:\/\/concertacaoamazonia.com.br\/en\/wp-json\/wp\/v2\/posts\/58743","targetHints":{"allow":["GET"]}}],"collection":[{"href":"https:\/\/concertacaoamazonia.com.br\/en\/wp-json\/wp\/v2\/posts"}],"about":[{"href":"https:\/\/concertacaoamazonia.com.br\/en\/wp-json\/wp\/v2\/types\/post"}],"author":[{"embeddable":true,"href":"https:\/\/concertacaoamazonia.com.br\/en\/wp-json\/wp\/v2\/users\/226"}],"replies":[{"embeddable":true,"href":"https:\/\/concertacaoamazonia.com.br\/en\/wp-json\/wp\/v2\/comments?post=58743"}],"version-history":[{"count":0,"href":"https:\/\/concertacaoamazonia.com.br\/en\/wp-json\/wp\/v2\/posts\/58743\/revisions"}],"wp:featuredmedia":[{"embeddable":true,"href":"https:\/\/concertacaoamazonia.com.br\/en\/wp-json\/wp\/v2\/media\/58744"}],"wp:attachment":[{"href":"https:\/\/concertacaoamazonia.com.br\/en\/wp-json\/wp\/v2\/media?parent=58743"}],"wp:term":[{"taxonomy":"category","embeddable":true,"href":"https:\/\/concertacaoamazonia.com.br\/en\/wp-json\/wp\/v2\/categories?post=58743"},{"taxonomy":"post_tag","embeddable":true,"href":"https:\/\/concertacaoamazonia.com.br\/en\/wp-json\/wp\/v2\/tags?post=58743"},{"taxonomy":"veiculo","embeddable":true,"href":"https:\/\/concertacaoamazonia.com.br\/en\/wp-json\/wp\/v2\/veiculo?post=58743"},{"taxonomy":"ano","embeddable":true,"href":"https:\/\/concertacaoamazonia.com.br\/en\/wp-json\/wp\/v2\/ano?post=58743"},{"taxonomy":"eixos","embeddable":true,"href":"https:\/\/concertacaoamazonia.com.br\/en\/wp-json\/wp\/v2\/eixos?post=58743"}],"curies":[{"name":"wp","href":"https:\/\/api.w.org\/{rel}","templated":true}]}}