{"id":58681,"date":"2024-07-11T11:01:57","date_gmt":"2024-07-11T14:01:57","guid":{"rendered":"https:\/\/concertacaoamazonia.com.br\/?p=58681"},"modified":"2024-07-11T11:01:59","modified_gmt":"2024-07-11T14:01:59","slug":"novas-areas-para-exploracao-de-petroleo-previstas-para-2025-impactam-nove-terras-indigenas-na-amazonia-2","status":"publish","type":"post","link":"https:\/\/concertacaoamazonia.com.br\/en\/2024\/07\/11\/novas-areas-para-exploracao-de-petroleo-previstas-para-2025-impactam-nove-terras-indigenas-na-amazonia-2\/","title":{"rendered":"Novas \u00e1reas para explora\u00e7\u00e3o de petr\u00f3leo previstas para 2025 impactam nove Terras Ind\u00edgenas na Amaz\u00f4nia"},"content":{"rendered":"\n<p><em>\u00c1reas atualmente em estudo pela ANP para oferta est\u00e3o localizadas em Roraima, na bacia do Tacutu, e aguardam a manifesta\u00e7\u00e3o do Minist\u00e9rio do Meio Ambiente.<\/em><\/p>\n","protected":false},"excerpt":{"rendered":"<p>\u00c1reas atualmente em estudo pela ANP para oferta est\u00e3o localizadas em Roraima, na bacia do Tacutu, e aguardam a manifesta\u00e7\u00e3o do Minist\u00e9rio do Meio Ambiente.<\/p>\n","protected":false},"author":226,"featured_media":58682,"comment_status":"closed","ping_status":"closed","sticky":false,"template":"","format":"standard","meta":{"footnotes":""},"categories":[28],"tags":[],"veiculo":[1850],"ano":[2075],"eixos":[],"class_list":["post-58681","post","type-post","status-publish","format-standard","has-post-thumbnail","hentry","category-artigo-externo","veiculo-clima-info"],"_links":{"self":[{"href":"https:\/\/concertacaoamazonia.com.br\/en\/wp-json\/wp\/v2\/posts\/58681","targetHints":{"allow":["GET"]}}],"collection":[{"href":"https:\/\/concertacaoamazonia.com.br\/en\/wp-json\/wp\/v2\/posts"}],"about":[{"href":"https:\/\/concertacaoamazonia.com.br\/en\/wp-json\/wp\/v2\/types\/post"}],"author":[{"embeddable":true,"href":"https:\/\/concertacaoamazonia.com.br\/en\/wp-json\/wp\/v2\/users\/226"}],"replies":[{"embeddable":true,"href":"https:\/\/concertacaoamazonia.com.br\/en\/wp-json\/wp\/v2\/comments?post=58681"}],"version-history":[{"count":0,"href":"https:\/\/concertacaoamazonia.com.br\/en\/wp-json\/wp\/v2\/posts\/58681\/revisions"}],"wp:featuredmedia":[{"embeddable":true,"href":"https:\/\/concertacaoamazonia.com.br\/en\/wp-json\/wp\/v2\/media\/58682"}],"wp:attachment":[{"href":"https:\/\/concertacaoamazonia.com.br\/en\/wp-json\/wp\/v2\/media?parent=58681"}],"wp:term":[{"taxonomy":"category","embeddable":true,"href":"https:\/\/concertacaoamazonia.com.br\/en\/wp-json\/wp\/v2\/categories?post=58681"},{"taxonomy":"post_tag","embeddable":true,"href":"https:\/\/concertacaoamazonia.com.br\/en\/wp-json\/wp\/v2\/tags?post=58681"},{"taxonomy":"veiculo","embeddable":true,"href":"https:\/\/concertacaoamazonia.com.br\/en\/wp-json\/wp\/v2\/veiculo?post=58681"},{"taxonomy":"ano","embeddable":true,"href":"https:\/\/concertacaoamazonia.com.br\/en\/wp-json\/wp\/v2\/ano?post=58681"},{"taxonomy":"eixos","embeddable":true,"href":"https:\/\/concertacaoamazonia.com.br\/en\/wp-json\/wp\/v2\/eixos?post=58681"}],"curies":[{"name":"wp","href":"https:\/\/api.w.org\/{rel}","templated":true}]}}