{"id":58667,"date":"2024-07-10T11:41:42","date_gmt":"2024-07-10T14:41:42","guid":{"rendered":"https:\/\/concertacaoamazonia.com.br\/?p=58667"},"modified":"2024-07-10T11:41:45","modified_gmt":"2024-07-10T14:41:45","slug":"um-ano-apos-seca-historica-na-amazonia-rios-nao-retomam-o-nivel-esperado-e-sinal-de-alerta-para-nova-estiagem-grave-se-acende","status":"publish","type":"post","link":"https:\/\/concertacaoamazonia.com.br\/en\/2024\/07\/10\/um-ano-apos-seca-historica-na-amazonia-rios-nao-retomam-o-nivel-esperado-e-sinal-de-alerta-para-nova-estiagem-grave-se-acende\/","title":{"rendered":"Um ano ap\u00f3s seca hist\u00f3rica na Amaz\u00f4nia, rios n\u00e3o retomam o n\u00edvel esperado e sinal de alerta para nova estiagem grave se acende"},"content":{"rendered":"\n<p>Parte dos rios est\u00e1 com cota abaixo da normalidade e bacias importantes do Solim\u00f5es e do Amazonas n\u00e3o recuperaram de forma desej\u00e1vel na cheia<\/p>\n","protected":false},"excerpt":{"rendered":"<p>Parte dos rios est\u00e1 com cota abaixo da normalidade e bacias importantes do Solim\u00f5es e do Amazonas n\u00e3o recuperaram de forma desej\u00e1vel na cheia<\/p>\n","protected":false},"author":226,"featured_media":58668,"comment_status":"closed","ping_status":"closed","sticky":false,"template":"","format":"standard","meta":{"footnotes":""},"categories":[28],"tags":[],"veiculo":[724],"ano":[2075],"eixos":[],"class_list":["post-58667","post","type-post","status-publish","format-standard","has-post-thumbnail","hentry","category-artigo-externo","veiculo-o-globo"],"_links":{"self":[{"href":"https:\/\/concertacaoamazonia.com.br\/en\/wp-json\/wp\/v2\/posts\/58667","targetHints":{"allow":["GET"]}}],"collection":[{"href":"https:\/\/concertacaoamazonia.com.br\/en\/wp-json\/wp\/v2\/posts"}],"about":[{"href":"https:\/\/concertacaoamazonia.com.br\/en\/wp-json\/wp\/v2\/types\/post"}],"author":[{"embeddable":true,"href":"https:\/\/concertacaoamazonia.com.br\/en\/wp-json\/wp\/v2\/users\/226"}],"replies":[{"embeddable":true,"href":"https:\/\/concertacaoamazonia.com.br\/en\/wp-json\/wp\/v2\/comments?post=58667"}],"version-history":[{"count":0,"href":"https:\/\/concertacaoamazonia.com.br\/en\/wp-json\/wp\/v2\/posts\/58667\/revisions"}],"wp:featuredmedia":[{"embeddable":true,"href":"https:\/\/concertacaoamazonia.com.br\/en\/wp-json\/wp\/v2\/media\/58668"}],"wp:attachment":[{"href":"https:\/\/concertacaoamazonia.com.br\/en\/wp-json\/wp\/v2\/media?parent=58667"}],"wp:term":[{"taxonomy":"category","embeddable":true,"href":"https:\/\/concertacaoamazonia.com.br\/en\/wp-json\/wp\/v2\/categories?post=58667"},{"taxonomy":"post_tag","embeddable":true,"href":"https:\/\/concertacaoamazonia.com.br\/en\/wp-json\/wp\/v2\/tags?post=58667"},{"taxonomy":"veiculo","embeddable":true,"href":"https:\/\/concertacaoamazonia.com.br\/en\/wp-json\/wp\/v2\/veiculo?post=58667"},{"taxonomy":"ano","embeddable":true,"href":"https:\/\/concertacaoamazonia.com.br\/en\/wp-json\/wp\/v2\/ano?post=58667"},{"taxonomy":"eixos","embeddable":true,"href":"https:\/\/concertacaoamazonia.com.br\/en\/wp-json\/wp\/v2\/eixos?post=58667"}],"curies":[{"name":"wp","href":"https:\/\/api.w.org\/{rel}","templated":true}]}}