{"id":58634,"date":"2024-07-10T11:16:47","date_gmt":"2024-07-10T14:16:47","guid":{"rendered":"https:\/\/concertacaoamazonia.com.br\/?p=58634"},"modified":"2024-07-10T11:16:50","modified_gmt":"2024-07-10T14:16:50","slug":"maior-produtor-do-brasil-para-cultiva-cacau-nativo-oriundo-de-arvores-seculares-e-se-torna-o-novo-terroir-de-chocolates-finos-do-pais","status":"publish","type":"post","link":"https:\/\/concertacaoamazonia.com.br\/en\/2024\/07\/10\/maior-produtor-do-brasil-para-cultiva-cacau-nativo-oriundo-de-arvores-seculares-e-se-torna-o-novo-terroir-de-chocolates-finos-do-pais\/","title":{"rendered":"Maior produtor do Brasil, Par\u00e1 cultiva cacau nativo oriundo de \u00e1rvores seculares e se torna o novo terroir de chocolates finos do pa\u00eds"},"content":{"rendered":"\n<p>Nasce na Amaz\u00f4nia a mat\u00e9ria-prima do chocolate, uma das iguarias mais populares do mundo: o Par\u00e1 \u00e9 o maior produtor de cacau do Brasil respons\u00e1vel por 51,80% da produ\u00e7\u00e3o nacional. Aqui \u00e9 produzido o cacau selvagem da floresta com um sabor inigual\u00e1vel, oriundo de \u00e1rvores seculares.\u00a0<\/p>\n","protected":false},"excerpt":{"rendered":"<p>Nasce na Amaz\u00f4nia a mat\u00e9ria-prima do chocolate, uma das iguarias mais populares do mundo: o Par\u00e1 \u00e9 o maior produtor de cacau do Brasil respons\u00e1vel por 51,80% da produ\u00e7\u00e3o nacional. Aqui \u00e9 produzido o cacau selvagem da floresta com um sabor inigual\u00e1vel, oriundo de \u00e1rvores seculares. <\/p>\n","protected":false},"author":226,"featured_media":58635,"comment_status":"closed","ping_status":"closed","sticky":false,"template":"","format":"standard","meta":{"footnotes":""},"categories":[28],"tags":[],"veiculo":[714],"ano":[2075],"eixos":[],"class_list":["post-58634","post","type-post","status-publish","format-standard","has-post-thumbnail","hentry","category-artigo-externo","veiculo-g1"],"_links":{"self":[{"href":"https:\/\/concertacaoamazonia.com.br\/en\/wp-json\/wp\/v2\/posts\/58634","targetHints":{"allow":["GET"]}}],"collection":[{"href":"https:\/\/concertacaoamazonia.com.br\/en\/wp-json\/wp\/v2\/posts"}],"about":[{"href":"https:\/\/concertacaoamazonia.com.br\/en\/wp-json\/wp\/v2\/types\/post"}],"author":[{"embeddable":true,"href":"https:\/\/concertacaoamazonia.com.br\/en\/wp-json\/wp\/v2\/users\/226"}],"replies":[{"embeddable":true,"href":"https:\/\/concertacaoamazonia.com.br\/en\/wp-json\/wp\/v2\/comments?post=58634"}],"version-history":[{"count":0,"href":"https:\/\/concertacaoamazonia.com.br\/en\/wp-json\/wp\/v2\/posts\/58634\/revisions"}],"wp:featuredmedia":[{"embeddable":true,"href":"https:\/\/concertacaoamazonia.com.br\/en\/wp-json\/wp\/v2\/media\/58635"}],"wp:attachment":[{"href":"https:\/\/concertacaoamazonia.com.br\/en\/wp-json\/wp\/v2\/media?parent=58634"}],"wp:term":[{"taxonomy":"category","embeddable":true,"href":"https:\/\/concertacaoamazonia.com.br\/en\/wp-json\/wp\/v2\/categories?post=58634"},{"taxonomy":"post_tag","embeddable":true,"href":"https:\/\/concertacaoamazonia.com.br\/en\/wp-json\/wp\/v2\/tags?post=58634"},{"taxonomy":"veiculo","embeddable":true,"href":"https:\/\/concertacaoamazonia.com.br\/en\/wp-json\/wp\/v2\/veiculo?post=58634"},{"taxonomy":"ano","embeddable":true,"href":"https:\/\/concertacaoamazonia.com.br\/en\/wp-json\/wp\/v2\/ano?post=58634"},{"taxonomy":"eixos","embeddable":true,"href":"https:\/\/concertacaoamazonia.com.br\/en\/wp-json\/wp\/v2\/eixos?post=58634"}],"curies":[{"name":"wp","href":"https:\/\/api.w.org\/{rel}","templated":true}]}}