{"id":58557,"date":"2024-07-05T12:15:45","date_gmt":"2024-07-05T15:15:45","guid":{"rendered":"https:\/\/concertacaoamazonia.com.br\/?p=58557"},"modified":"2024-07-05T12:15:47","modified_gmt":"2024-07-05T15:15:47","slug":"uma-concertacao-pela-amazonia-oferece-bolsas-de-r450-para-jovens-da-regiao","status":"publish","type":"post","link":"https:\/\/concertacaoamazonia.com.br\/en\/2024\/07\/05\/uma-concertacao-pela-amazonia-oferece-bolsas-de-r450-para-jovens-da-regiao\/","title":{"rendered":"Uma Concerta\u00e7\u00e3o pela Amaz\u00f4nia oferece bolsas de R$450 para jovens da regi\u00e3o"},"content":{"rendered":"\n<p>A rede busca pessoas que se identificam com os temas de justi\u00e7a social, racial e ambiental para um ciclo de trabalho de 18 meses<\/p>\n","protected":false},"excerpt":{"rendered":"<p>A rede busca pessoas que se identificam com os temas de justi\u00e7a social, racial e ambiental para um ciclo de trabalho de 18 meses<\/p>\n","protected":false},"author":226,"featured_media":58558,"comment_status":"closed","ping_status":"closed","sticky":false,"template":"","format":"standard","meta":{"footnotes":""},"categories":[28],"tags":[],"veiculo":[732],"ano":[2075],"eixos":[],"class_list":["post-58557","post","type-post","status-publish","format-standard","has-post-thumbnail","hentry","category-artigo-externo","veiculo-um-so-planeta-globo"],"_links":{"self":[{"href":"https:\/\/concertacaoamazonia.com.br\/en\/wp-json\/wp\/v2\/posts\/58557","targetHints":{"allow":["GET"]}}],"collection":[{"href":"https:\/\/concertacaoamazonia.com.br\/en\/wp-json\/wp\/v2\/posts"}],"about":[{"href":"https:\/\/concertacaoamazonia.com.br\/en\/wp-json\/wp\/v2\/types\/post"}],"author":[{"embeddable":true,"href":"https:\/\/concertacaoamazonia.com.br\/en\/wp-json\/wp\/v2\/users\/226"}],"replies":[{"embeddable":true,"href":"https:\/\/concertacaoamazonia.com.br\/en\/wp-json\/wp\/v2\/comments?post=58557"}],"version-history":[{"count":0,"href":"https:\/\/concertacaoamazonia.com.br\/en\/wp-json\/wp\/v2\/posts\/58557\/revisions"}],"wp:featuredmedia":[{"embeddable":true,"href":"https:\/\/concertacaoamazonia.com.br\/en\/wp-json\/wp\/v2\/media\/58558"}],"wp:attachment":[{"href":"https:\/\/concertacaoamazonia.com.br\/en\/wp-json\/wp\/v2\/media?parent=58557"}],"wp:term":[{"taxonomy":"category","embeddable":true,"href":"https:\/\/concertacaoamazonia.com.br\/en\/wp-json\/wp\/v2\/categories?post=58557"},{"taxonomy":"post_tag","embeddable":true,"href":"https:\/\/concertacaoamazonia.com.br\/en\/wp-json\/wp\/v2\/tags?post=58557"},{"taxonomy":"veiculo","embeddable":true,"href":"https:\/\/concertacaoamazonia.com.br\/en\/wp-json\/wp\/v2\/veiculo?post=58557"},{"taxonomy":"ano","embeddable":true,"href":"https:\/\/concertacaoamazonia.com.br\/en\/wp-json\/wp\/v2\/ano?post=58557"},{"taxonomy":"eixos","embeddable":true,"href":"https:\/\/concertacaoamazonia.com.br\/en\/wp-json\/wp\/v2\/eixos?post=58557"}],"curies":[{"name":"wp","href":"https:\/\/api.w.org\/{rel}","templated":true}]}}