{"id":58497,"date":"2024-07-03T10:28:49","date_gmt":"2024-07-03T13:28:49","guid":{"rendered":"https:\/\/concertacaoamazonia.com.br\/?p=58497"},"modified":"2024-07-03T10:28:52","modified_gmt":"2024-07-03T13:28:52","slug":"gilmar-mendes-marca-reuniao-conciliatoria-para-discutir-impasse-do-marco-temporal","status":"publish","type":"post","link":"https:\/\/concertacaoamazonia.com.br\/en\/2024\/07\/03\/gilmar-mendes-marca-reuniao-conciliatoria-para-discutir-impasse-do-marco-temporal\/","title":{"rendered":"Gilmar Mendes marca reuni\u00e3o conciliat\u00f3ria para discutir impasse do marco temporal"},"content":{"rendered":"\n<p>Ministro vai reunir representantes da Uni\u00e3o, Estados e munic\u00edpios, al\u00e9m de associa\u00e7\u00f5es ind\u00edgenas, para deliberar sobre demarca\u00e7\u00e3o de terras<\/p>\n","protected":false},"excerpt":{"rendered":"<p>Ministro vai reunir representantes da Uni\u00e3o, Estados e munic\u00edpios, al\u00e9m de associa\u00e7\u00f5es ind\u00edgenas, para deliberar sobre demarca\u00e7\u00e3o de terras<\/p>\n","protected":false},"author":226,"featured_media":58499,"comment_status":"closed","ping_status":"closed","sticky":false,"template":"","format":"standard","meta":{"footnotes":""},"categories":[28],"tags":[],"veiculo":[711],"ano":[],"eixos":[],"class_list":["post-58497","post","type-post","status-publish","format-standard","has-post-thumbnail","hentry","category-artigo-externo","veiculo-estadao"],"_links":{"self":[{"href":"https:\/\/concertacaoamazonia.com.br\/en\/wp-json\/wp\/v2\/posts\/58497","targetHints":{"allow":["GET"]}}],"collection":[{"href":"https:\/\/concertacaoamazonia.com.br\/en\/wp-json\/wp\/v2\/posts"}],"about":[{"href":"https:\/\/concertacaoamazonia.com.br\/en\/wp-json\/wp\/v2\/types\/post"}],"author":[{"embeddable":true,"href":"https:\/\/concertacaoamazonia.com.br\/en\/wp-json\/wp\/v2\/users\/226"}],"replies":[{"embeddable":true,"href":"https:\/\/concertacaoamazonia.com.br\/en\/wp-json\/wp\/v2\/comments?post=58497"}],"version-history":[{"count":0,"href":"https:\/\/concertacaoamazonia.com.br\/en\/wp-json\/wp\/v2\/posts\/58497\/revisions"}],"wp:featuredmedia":[{"embeddable":true,"href":"https:\/\/concertacaoamazonia.com.br\/en\/wp-json\/wp\/v2\/media\/58499"}],"wp:attachment":[{"href":"https:\/\/concertacaoamazonia.com.br\/en\/wp-json\/wp\/v2\/media?parent=58497"}],"wp:term":[{"taxonomy":"category","embeddable":true,"href":"https:\/\/concertacaoamazonia.com.br\/en\/wp-json\/wp\/v2\/categories?post=58497"},{"taxonomy":"post_tag","embeddable":true,"href":"https:\/\/concertacaoamazonia.com.br\/en\/wp-json\/wp\/v2\/tags?post=58497"},{"taxonomy":"veiculo","embeddable":true,"href":"https:\/\/concertacaoamazonia.com.br\/en\/wp-json\/wp\/v2\/veiculo?post=58497"},{"taxonomy":"ano","embeddable":true,"href":"https:\/\/concertacaoamazonia.com.br\/en\/wp-json\/wp\/v2\/ano?post=58497"},{"taxonomy":"eixos","embeddable":true,"href":"https:\/\/concertacaoamazonia.com.br\/en\/wp-json\/wp\/v2\/eixos?post=58497"}],"curies":[{"name":"wp","href":"https:\/\/api.w.org\/{rel}","templated":true}]}}