{"id":58448,"date":"2024-07-02T14:02:52","date_gmt":"2024-07-02T17:02:52","guid":{"rendered":"https:\/\/concertacaoamazonia.com.br\/?p=58448"},"modified":"2024-07-02T14:02:55","modified_gmt":"2024-07-02T17:02:55","slug":"avanco-de-garimpo-em-terras-indigenas-alerta-para-novos-meios-de-lavagem-de-ouro","status":"publish","type":"post","link":"https:\/\/concertacaoamazonia.com.br\/en\/2024\/07\/02\/avanco-de-garimpo-em-terras-indigenas-alerta-para-novos-meios-de-lavagem-de-ouro\/","title":{"rendered":"Avan\u00e7o de garimpo em terras ind\u00edgenas alerta para novos meios de lavagem de ouro"},"content":{"rendered":"\n<p>Fim da \u201cregra da boa-f\u00e9\u201d levou a queda nos volumes declarados de ouro garimpado, mas imagens de sat\u00e9lite revelam aumento das marcas de minera\u00e7\u00e3o em territ\u00f3rios protegidos onde a atividade \u00e9 proibida<\/p>\n","protected":false},"excerpt":{"rendered":"<p>Fim da \u201cregra da boa-f\u00e9\u201d levou a queda nos volumes declarados de ouro garimpado, mas imagens de sat\u00e9lite revelam aumento das marcas de minera\u00e7\u00e3o em territ\u00f3rios protegidos onde a atividade \u00e9 proibida<\/p>\n","protected":false},"author":226,"featured_media":58449,"comment_status":"closed","ping_status":"closed","sticky":false,"template":"","format":"standard","meta":{"footnotes":""},"categories":[28],"tags":[],"veiculo":[2105],"ano":[2075],"eixos":[],"class_list":["post-58448","post","type-post","status-publish","format-standard","has-post-thumbnail","hentry","category-artigo-externo","veiculo-reporter-brasil"],"_links":{"self":[{"href":"https:\/\/concertacaoamazonia.com.br\/en\/wp-json\/wp\/v2\/posts\/58448","targetHints":{"allow":["GET"]}}],"collection":[{"href":"https:\/\/concertacaoamazonia.com.br\/en\/wp-json\/wp\/v2\/posts"}],"about":[{"href":"https:\/\/concertacaoamazonia.com.br\/en\/wp-json\/wp\/v2\/types\/post"}],"author":[{"embeddable":true,"href":"https:\/\/concertacaoamazonia.com.br\/en\/wp-json\/wp\/v2\/users\/226"}],"replies":[{"embeddable":true,"href":"https:\/\/concertacaoamazonia.com.br\/en\/wp-json\/wp\/v2\/comments?post=58448"}],"version-history":[{"count":0,"href":"https:\/\/concertacaoamazonia.com.br\/en\/wp-json\/wp\/v2\/posts\/58448\/revisions"}],"wp:featuredmedia":[{"embeddable":true,"href":"https:\/\/concertacaoamazonia.com.br\/en\/wp-json\/wp\/v2\/media\/58449"}],"wp:attachment":[{"href":"https:\/\/concertacaoamazonia.com.br\/en\/wp-json\/wp\/v2\/media?parent=58448"}],"wp:term":[{"taxonomy":"category","embeddable":true,"href":"https:\/\/concertacaoamazonia.com.br\/en\/wp-json\/wp\/v2\/categories?post=58448"},{"taxonomy":"post_tag","embeddable":true,"href":"https:\/\/concertacaoamazonia.com.br\/en\/wp-json\/wp\/v2\/tags?post=58448"},{"taxonomy":"veiculo","embeddable":true,"href":"https:\/\/concertacaoamazonia.com.br\/en\/wp-json\/wp\/v2\/veiculo?post=58448"},{"taxonomy":"ano","embeddable":true,"href":"https:\/\/concertacaoamazonia.com.br\/en\/wp-json\/wp\/v2\/ano?post=58448"},{"taxonomy":"eixos","embeddable":true,"href":"https:\/\/concertacaoamazonia.com.br\/en\/wp-json\/wp\/v2\/eixos?post=58448"}],"curies":[{"name":"wp","href":"https:\/\/api.w.org\/{rel}","templated":true}]}}