{"id":58424,"date":"2024-07-01T15:31:30","date_gmt":"2024-07-01T18:31:30","guid":{"rendered":"https:\/\/concertacaoamazonia.com.br\/?p=58424"},"modified":"2024-07-01T15:32:29","modified_gmt":"2024-07-01T18:32:29","slug":"lula-diz-que-nao-pode-ficar-brigando-com-campos-neto-mas-faz-novas-criticas-ao-presidente-do-bc","status":"publish","type":"post","link":"https:\/\/concertacaoamazonia.com.br\/en\/2024\/07\/01\/lula-diz-que-nao-pode-ficar-brigando-com-campos-neto-mas-faz-novas-criticas-ao-presidente-do-bc\/","title":{"rendered":"Lula diz que n\u00e3o pode &#8216;ficar brigando&#8217; com Campos Neto, mas faz novas cr\u00edticas ao presidente do BC"},"content":{"rendered":"\n<p>&#8216;Acho que ele n\u00e3o est\u00e1 fazendo o que deveria corretamente&#8217;, afirma Lula. Presidente tamb\u00e9m disse que quer &#8216;fazer ajuste fiscal em cima da rentabilidade dos banqueiros&#8217;<\/p>\n","protected":false},"excerpt":{"rendered":"<p>&#8216;Acho que ele n\u00e3o est\u00e1 fazendo o que deveria corretamente&#8217;, afirma Lula. Presidente tamb\u00e9m disse que quer &#8216;fazer ajuste fiscal em cima da rentabilidade dos banqueiros&#8217;<\/p>\n","protected":false},"author":226,"featured_media":58426,"comment_status":"closed","ping_status":"closed","sticky":false,"template":"","format":"standard","meta":{"footnotes":""},"categories":[28],"tags":[],"veiculo":[724],"ano":[2075],"eixos":[],"class_list":["post-58424","post","type-post","status-publish","format-standard","has-post-thumbnail","hentry","category-artigo-externo","veiculo-o-globo"],"_links":{"self":[{"href":"https:\/\/concertacaoamazonia.com.br\/en\/wp-json\/wp\/v2\/posts\/58424","targetHints":{"allow":["GET"]}}],"collection":[{"href":"https:\/\/concertacaoamazonia.com.br\/en\/wp-json\/wp\/v2\/posts"}],"about":[{"href":"https:\/\/concertacaoamazonia.com.br\/en\/wp-json\/wp\/v2\/types\/post"}],"author":[{"embeddable":true,"href":"https:\/\/concertacaoamazonia.com.br\/en\/wp-json\/wp\/v2\/users\/226"}],"replies":[{"embeddable":true,"href":"https:\/\/concertacaoamazonia.com.br\/en\/wp-json\/wp\/v2\/comments?post=58424"}],"version-history":[{"count":0,"href":"https:\/\/concertacaoamazonia.com.br\/en\/wp-json\/wp\/v2\/posts\/58424\/revisions"}],"wp:featuredmedia":[{"embeddable":true,"href":"https:\/\/concertacaoamazonia.com.br\/en\/wp-json\/wp\/v2\/media\/58426"}],"wp:attachment":[{"href":"https:\/\/concertacaoamazonia.com.br\/en\/wp-json\/wp\/v2\/media?parent=58424"}],"wp:term":[{"taxonomy":"category","embeddable":true,"href":"https:\/\/concertacaoamazonia.com.br\/en\/wp-json\/wp\/v2\/categories?post=58424"},{"taxonomy":"post_tag","embeddable":true,"href":"https:\/\/concertacaoamazonia.com.br\/en\/wp-json\/wp\/v2\/tags?post=58424"},{"taxonomy":"veiculo","embeddable":true,"href":"https:\/\/concertacaoamazonia.com.br\/en\/wp-json\/wp\/v2\/veiculo?post=58424"},{"taxonomy":"ano","embeddable":true,"href":"https:\/\/concertacaoamazonia.com.br\/en\/wp-json\/wp\/v2\/ano?post=58424"},{"taxonomy":"eixos","embeddable":true,"href":"https:\/\/concertacaoamazonia.com.br\/en\/wp-json\/wp\/v2\/eixos?post=58424"}],"curies":[{"name":"wp","href":"https:\/\/api.w.org\/{rel}","templated":true}]}}