{"id":58420,"date":"2024-07-01T15:25:57","date_gmt":"2024-07-01T18:25:57","guid":{"rendered":"https:\/\/concertacaoamazonia.com.br\/?p=58420"},"modified":"2024-07-01T15:25:59","modified_gmt":"2024-07-01T18:25:59","slug":"vazamento-de-petroleo-contamina-rio-e-afeta-populacoes-na-amazonia","status":"publish","type":"post","link":"https:\/\/concertacaoamazonia.com.br\/en\/2024\/07\/01\/vazamento-de-petroleo-contamina-rio-e-afeta-populacoes-na-amazonia\/","title":{"rendered":"Vazamento de petr\u00f3leo contamina rio e afeta popula\u00e7\u00f5es na Amaz\u00f4nia"},"content":{"rendered":"\n<p>Rio Napo, um dos afluentes do Amazonas, foi atingido ap\u00f3s rompimento de tubula\u00e7\u00f5es<\/p>\n\n\n\n<p><a href=\"https:\/\/www.afp.com\/pt\/noticias\" target=\"_blank\" rel=\"noreferrer noopener\"><\/a><\/p>\n","protected":false},"excerpt":{"rendered":"<p>Rio Napo, um dos afluentes do Amazonas, foi atingido ap\u00f3s rompimento de tubula\u00e7\u00f5es<\/p>\n","protected":false},"author":226,"featured_media":58421,"comment_status":"closed","ping_status":"closed","sticky":false,"template":"","format":"standard","meta":{"footnotes":""},"categories":[28],"tags":[],"veiculo":[724],"ano":[2075],"eixos":[],"class_list":["post-58420","post","type-post","status-publish","format-standard","has-post-thumbnail","hentry","category-artigo-externo","veiculo-o-globo"],"_links":{"self":[{"href":"https:\/\/concertacaoamazonia.com.br\/en\/wp-json\/wp\/v2\/posts\/58420","targetHints":{"allow":["GET"]}}],"collection":[{"href":"https:\/\/concertacaoamazonia.com.br\/en\/wp-json\/wp\/v2\/posts"}],"about":[{"href":"https:\/\/concertacaoamazonia.com.br\/en\/wp-json\/wp\/v2\/types\/post"}],"author":[{"embeddable":true,"href":"https:\/\/concertacaoamazonia.com.br\/en\/wp-json\/wp\/v2\/users\/226"}],"replies":[{"embeddable":true,"href":"https:\/\/concertacaoamazonia.com.br\/en\/wp-json\/wp\/v2\/comments?post=58420"}],"version-history":[{"count":0,"href":"https:\/\/concertacaoamazonia.com.br\/en\/wp-json\/wp\/v2\/posts\/58420\/revisions"}],"wp:featuredmedia":[{"embeddable":true,"href":"https:\/\/concertacaoamazonia.com.br\/en\/wp-json\/wp\/v2\/media\/58421"}],"wp:attachment":[{"href":"https:\/\/concertacaoamazonia.com.br\/en\/wp-json\/wp\/v2\/media?parent=58420"}],"wp:term":[{"taxonomy":"category","embeddable":true,"href":"https:\/\/concertacaoamazonia.com.br\/en\/wp-json\/wp\/v2\/categories?post=58420"},{"taxonomy":"post_tag","embeddable":true,"href":"https:\/\/concertacaoamazonia.com.br\/en\/wp-json\/wp\/v2\/tags?post=58420"},{"taxonomy":"veiculo","embeddable":true,"href":"https:\/\/concertacaoamazonia.com.br\/en\/wp-json\/wp\/v2\/veiculo?post=58420"},{"taxonomy":"ano","embeddable":true,"href":"https:\/\/concertacaoamazonia.com.br\/en\/wp-json\/wp\/v2\/ano?post=58420"},{"taxonomy":"eixos","embeddable":true,"href":"https:\/\/concertacaoamazonia.com.br\/en\/wp-json\/wp\/v2\/eixos?post=58420"}],"curies":[{"name":"wp","href":"https:\/\/api.w.org\/{rel}","templated":true}]}}