{"id":58414,"date":"2024-07-01T15:23:10","date_gmt":"2024-07-01T18:23:10","guid":{"rendered":"https:\/\/concertacaoamazonia.com.br\/?p=58414"},"modified":"2024-07-01T15:23:53","modified_gmt":"2024-07-01T18:23:53","slug":"seca-aumenta-incendios-na-amazonia-em-36-apesar-do-desmatamento-menor","status":"publish","type":"post","link":"https:\/\/concertacaoamazonia.com.br\/en\/2024\/07\/01\/seca-aumenta-incendios-na-amazonia-em-36-apesar-do-desmatamento-menor\/","title":{"rendered":"Seca aumenta inc\u00eandios na Amaz\u00f4nia em 36%, apesar do desmatamento menor"},"content":{"rendered":"\n<p>Apesar da redu\u00e7\u00e3o de 50% no desmatamento na Amaz\u00f4nia, a pior seca em 125 anos aumentou o fogo em outras regi\u00f5es do bioma, elevando a \u00e1rea queimada total para 10 milh\u00f5es de hectares, 36% a mais do que em 2022. Dados foram publicados\u00a0<a href=\"https:\/\/ipam.org.br\/bibliotecas\/amazonia-em-chamas-no-12-entendendo-a-relacao-entre-o-fogo-e-desmatamento-em-2023\/\" target=\"_blank\" rel=\"noreferrer noopener\">Nota T\u00e9cnica Amaz\u00f4nia em Chamas n\u00ba 12<\/a>, produzida por pesquisadores do IPAM (Instituto de Pesquisa Ambiental da Amaz\u00f4nia) e Nasa e publicada nesta sexta-feira, dia 28.<\/p>\n","protected":false},"excerpt":{"rendered":"<p>Apesar da redu\u00e7\u00e3o de 50% no desmatamento na Amaz\u00f4nia, a pior seca em 125 anos aumentou o fogo em outras regi\u00f5es do bioma, elevando a \u00e1rea queimada total para 10 milh\u00f5es de hectares, 36% a mais do que em 2022. Dados foram publicados\u00a0Nota T\u00e9cnica Amaz\u00f4nia em Chamas n\u00ba 12, produzida por pesquisadores do IPAM (Instituto de Pesquisa Ambiental da Amaz\u00f4nia) e Nasa e publicada nesta sexta-feira, dia 28.<\/p>\n","protected":false},"author":226,"featured_media":58415,"comment_status":"closed","ping_status":"closed","sticky":false,"template":"","format":"standard","meta":{"footnotes":""},"categories":[28],"tags":[],"veiculo":[804],"ano":[2075],"eixos":[],"class_list":["post-58414","post","type-post","status-publish","format-standard","has-post-thumbnail","hentry","category-artigo-externo","veiculo-ipam"],"_links":{"self":[{"href":"https:\/\/concertacaoamazonia.com.br\/en\/wp-json\/wp\/v2\/posts\/58414","targetHints":{"allow":["GET"]}}],"collection":[{"href":"https:\/\/concertacaoamazonia.com.br\/en\/wp-json\/wp\/v2\/posts"}],"about":[{"href":"https:\/\/concertacaoamazonia.com.br\/en\/wp-json\/wp\/v2\/types\/post"}],"author":[{"embeddable":true,"href":"https:\/\/concertacaoamazonia.com.br\/en\/wp-json\/wp\/v2\/users\/226"}],"replies":[{"embeddable":true,"href":"https:\/\/concertacaoamazonia.com.br\/en\/wp-json\/wp\/v2\/comments?post=58414"}],"version-history":[{"count":0,"href":"https:\/\/concertacaoamazonia.com.br\/en\/wp-json\/wp\/v2\/posts\/58414\/revisions"}],"wp:featuredmedia":[{"embeddable":true,"href":"https:\/\/concertacaoamazonia.com.br\/en\/wp-json\/wp\/v2\/media\/58415"}],"wp:attachment":[{"href":"https:\/\/concertacaoamazonia.com.br\/en\/wp-json\/wp\/v2\/media?parent=58414"}],"wp:term":[{"taxonomy":"category","embeddable":true,"href":"https:\/\/concertacaoamazonia.com.br\/en\/wp-json\/wp\/v2\/categories?post=58414"},{"taxonomy":"post_tag","embeddable":true,"href":"https:\/\/concertacaoamazonia.com.br\/en\/wp-json\/wp\/v2\/tags?post=58414"},{"taxonomy":"veiculo","embeddable":true,"href":"https:\/\/concertacaoamazonia.com.br\/en\/wp-json\/wp\/v2\/veiculo?post=58414"},{"taxonomy":"ano","embeddable":true,"href":"https:\/\/concertacaoamazonia.com.br\/en\/wp-json\/wp\/v2\/ano?post=58414"},{"taxonomy":"eixos","embeddable":true,"href":"https:\/\/concertacaoamazonia.com.br\/en\/wp-json\/wp\/v2\/eixos?post=58414"}],"curies":[{"name":"wp","href":"https:\/\/api.w.org\/{rel}","templated":true}]}}