{"id":58353,"date":"2024-06-28T11:55:45","date_gmt":"2024-06-28T14:55:45","guid":{"rendered":"https:\/\/concertacaoamazonia.com.br\/?p=58353"},"modified":"2024-06-28T11:55:47","modified_gmt":"2024-06-28T14:55:47","slug":"noruega-formaliza-doacao-de-us-50-milhoes-ao-fundo-amazonia","status":"publish","type":"post","link":"https:\/\/concertacaoamazonia.com.br\/en\/2024\/06\/28\/noruega-formaliza-doacao-de-us-50-milhoes-ao-fundo-amazonia\/","title":{"rendered":"Noruega formaliza doa\u00e7\u00e3o de US$ 50 milh\u00f5es ao Fundo Amaz\u00f4nia"},"content":{"rendered":"\n<p>Nova doa\u00e7\u00e3o foi um compromisso firmado na \u00faltima COP, em Dubai; segundo o BNDES, o pagamento por resultados pelo governo noruegu\u00eas \u00e9 o maior aporte anunciado para 2024<\/p>\n","protected":false},"excerpt":{"rendered":"<p>Nova doa\u00e7\u00e3o foi um compromisso firmado na \u00faltima COP, em Dubai; segundo o BNDES, o pagamento por resultados pelo governo noruegu\u00eas \u00e9 o maior aporte anunciado para 2024<\/p>\n","protected":false},"author":226,"featured_media":58354,"comment_status":"closed","ping_status":"closed","sticky":false,"template":"","format":"standard","meta":{"footnotes":""},"categories":[28],"tags":[],"veiculo":[1873],"ano":[2075],"eixos":[],"class_list":["post-58353","post","type-post","status-publish","format-standard","has-post-thumbnail","hentry","category-artigo-externo","veiculo-valor-economico-en-2"],"_links":{"self":[{"href":"https:\/\/concertacaoamazonia.com.br\/en\/wp-json\/wp\/v2\/posts\/58353","targetHints":{"allow":["GET"]}}],"collection":[{"href":"https:\/\/concertacaoamazonia.com.br\/en\/wp-json\/wp\/v2\/posts"}],"about":[{"href":"https:\/\/concertacaoamazonia.com.br\/en\/wp-json\/wp\/v2\/types\/post"}],"author":[{"embeddable":true,"href":"https:\/\/concertacaoamazonia.com.br\/en\/wp-json\/wp\/v2\/users\/226"}],"replies":[{"embeddable":true,"href":"https:\/\/concertacaoamazonia.com.br\/en\/wp-json\/wp\/v2\/comments?post=58353"}],"version-history":[{"count":0,"href":"https:\/\/concertacaoamazonia.com.br\/en\/wp-json\/wp\/v2\/posts\/58353\/revisions"}],"wp:featuredmedia":[{"embeddable":true,"href":"https:\/\/concertacaoamazonia.com.br\/en\/wp-json\/wp\/v2\/media\/58354"}],"wp:attachment":[{"href":"https:\/\/concertacaoamazonia.com.br\/en\/wp-json\/wp\/v2\/media?parent=58353"}],"wp:term":[{"taxonomy":"category","embeddable":true,"href":"https:\/\/concertacaoamazonia.com.br\/en\/wp-json\/wp\/v2\/categories?post=58353"},{"taxonomy":"post_tag","embeddable":true,"href":"https:\/\/concertacaoamazonia.com.br\/en\/wp-json\/wp\/v2\/tags?post=58353"},{"taxonomy":"veiculo","embeddable":true,"href":"https:\/\/concertacaoamazonia.com.br\/en\/wp-json\/wp\/v2\/veiculo?post=58353"},{"taxonomy":"ano","embeddable":true,"href":"https:\/\/concertacaoamazonia.com.br\/en\/wp-json\/wp\/v2\/ano?post=58353"},{"taxonomy":"eixos","embeddable":true,"href":"https:\/\/concertacaoamazonia.com.br\/en\/wp-json\/wp\/v2\/eixos?post=58353"}],"curies":[{"name":"wp","href":"https:\/\/api.w.org\/{rel}","templated":true}]}}