{"id":58349,"date":"2024-06-28T11:53:17","date_gmt":"2024-06-28T14:53:17","guid":{"rendered":"https:\/\/concertacaoamazonia.com.br\/?p=58349"},"modified":"2024-06-28T11:53:19","modified_gmt":"2024-06-28T14:53:19","slug":"bid-invest-emite-primeiro-bond-para-financiar-a-amazonia-e-capta-r-50-milhoes","status":"publish","type":"post","link":"https:\/\/concertacaoamazonia.com.br\/en\/2024\/06\/28\/bid-invest-emite-primeiro-bond-para-financiar-a-amazonia-e-capta-r-50-milhoes\/","title":{"rendered":"BID Invest emite primeiro bond para financiar a Amaz\u00f4nia e capta R$ 50 milh\u00f5es"},"content":{"rendered":"\n<p>A opera\u00e7\u00e3o, segundo o BID, visa criar oportunidades econ\u00f4micas para o setor privado associadas \u00e0 floresta<\/p>\n","protected":false},"excerpt":{"rendered":"<p>A opera\u00e7\u00e3o, segundo o BID, visa criar oportunidades econ\u00f4micas para o setor privado associadas \u00e0 floresta<\/p>\n<p>Este trecho \u00e9 parte de conte\u00fado que pode ser compartilhado utilizando o link https:\/\/valor.globo.com\/financas\/noticia\/2024\/06\/27\/bid-emite-primeiro-bond-para-financiar-a-amaznia-e-capta-r-50-milhes.ghtml ou as ferramentas oferecidas na p\u00e1gina.<br \/>\nTextos, fotos, artes e v\u00eddeos do Valor est\u00e3o protegidos pela legisla\u00e7\u00e3o brasileira sobre direito autoral. N\u00e3o reproduza o conte\u00fado do jornal em qualquer meio de comunica\u00e7\u00e3o, eletr\u00f4nico ou impresso, sem autoriza\u00e7\u00e3o do Valor (falecom@valor.com.br). Essas regras t\u00eam como objetivo proteger o investimento que o Valor faz na qualidade de seu jornalismo.<\/p>\n","protected":false},"author":226,"featured_media":58350,"comment_status":"closed","ping_status":"closed","sticky":false,"template":"","format":"standard","meta":{"footnotes":""},"categories":[28],"tags":[],"veiculo":[1873],"ano":[2075],"eixos":[],"class_list":["post-58349","post","type-post","status-publish","format-standard","has-post-thumbnail","hentry","category-artigo-externo","veiculo-valor-economico-en-2"],"_links":{"self":[{"href":"https:\/\/concertacaoamazonia.com.br\/en\/wp-json\/wp\/v2\/posts\/58349","targetHints":{"allow":["GET"]}}],"collection":[{"href":"https:\/\/concertacaoamazonia.com.br\/en\/wp-json\/wp\/v2\/posts"}],"about":[{"href":"https:\/\/concertacaoamazonia.com.br\/en\/wp-json\/wp\/v2\/types\/post"}],"author":[{"embeddable":true,"href":"https:\/\/concertacaoamazonia.com.br\/en\/wp-json\/wp\/v2\/users\/226"}],"replies":[{"embeddable":true,"href":"https:\/\/concertacaoamazonia.com.br\/en\/wp-json\/wp\/v2\/comments?post=58349"}],"version-history":[{"count":0,"href":"https:\/\/concertacaoamazonia.com.br\/en\/wp-json\/wp\/v2\/posts\/58349\/revisions"}],"wp:featuredmedia":[{"embeddable":true,"href":"https:\/\/concertacaoamazonia.com.br\/en\/wp-json\/wp\/v2\/media\/58350"}],"wp:attachment":[{"href":"https:\/\/concertacaoamazonia.com.br\/en\/wp-json\/wp\/v2\/media?parent=58349"}],"wp:term":[{"taxonomy":"category","embeddable":true,"href":"https:\/\/concertacaoamazonia.com.br\/en\/wp-json\/wp\/v2\/categories?post=58349"},{"taxonomy":"post_tag","embeddable":true,"href":"https:\/\/concertacaoamazonia.com.br\/en\/wp-json\/wp\/v2\/tags?post=58349"},{"taxonomy":"veiculo","embeddable":true,"href":"https:\/\/concertacaoamazonia.com.br\/en\/wp-json\/wp\/v2\/veiculo?post=58349"},{"taxonomy":"ano","embeddable":true,"href":"https:\/\/concertacaoamazonia.com.br\/en\/wp-json\/wp\/v2\/ano?post=58349"},{"taxonomy":"eixos","embeddable":true,"href":"https:\/\/concertacaoamazonia.com.br\/en\/wp-json\/wp\/v2\/eixos?post=58349"}],"curies":[{"name":"wp","href":"https:\/\/api.w.org\/{rel}","templated":true}]}}