{"id":58341,"date":"2024-06-28T11:46:31","date_gmt":"2024-06-28T14:46:31","guid":{"rendered":"https:\/\/concertacaoamazonia.com.br\/?p=58341"},"modified":"2024-06-28T11:46:33","modified_gmt":"2024-06-28T14:46:33","slug":"mudancas-climaticas-e-governanca-corporativa","status":"publish","type":"post","link":"https:\/\/concertacaoamazonia.com.br\/en\/2024\/06\/28\/mudancas-climaticas-e-governanca-corporativa\/","title":{"rendered":"Mudan\u00e7as clim\u00e1ticas e governan\u00e7a corporativa"},"content":{"rendered":"\n<p>Conselhos de administra\u00e7\u00e3o precisam definir posicionamento das organiza\u00e7\u00f5es em rela\u00e7\u00e3o ao aquecimento global e ao ESG<\/p>\n","protected":false},"excerpt":{"rendered":"<p>Conselhos de administra\u00e7\u00e3o precisam definir posicionamento das organiza\u00e7\u00f5es em rela\u00e7\u00e3o ao aquecimento global e ao ESG<\/p>\n","protected":false},"author":226,"featured_media":58342,"comment_status":"closed","ping_status":"closed","sticky":false,"template":"","format":"standard","meta":{"footnotes":""},"categories":[28],"tags":[],"veiculo":[711],"ano":[2075],"eixos":[],"class_list":["post-58341","post","type-post","status-publish","format-standard","has-post-thumbnail","hentry","category-artigo-externo","veiculo-estadao"],"_links":{"self":[{"href":"https:\/\/concertacaoamazonia.com.br\/en\/wp-json\/wp\/v2\/posts\/58341","targetHints":{"allow":["GET"]}}],"collection":[{"href":"https:\/\/concertacaoamazonia.com.br\/en\/wp-json\/wp\/v2\/posts"}],"about":[{"href":"https:\/\/concertacaoamazonia.com.br\/en\/wp-json\/wp\/v2\/types\/post"}],"author":[{"embeddable":true,"href":"https:\/\/concertacaoamazonia.com.br\/en\/wp-json\/wp\/v2\/users\/226"}],"replies":[{"embeddable":true,"href":"https:\/\/concertacaoamazonia.com.br\/en\/wp-json\/wp\/v2\/comments?post=58341"}],"version-history":[{"count":0,"href":"https:\/\/concertacaoamazonia.com.br\/en\/wp-json\/wp\/v2\/posts\/58341\/revisions"}],"wp:featuredmedia":[{"embeddable":true,"href":"https:\/\/concertacaoamazonia.com.br\/en\/wp-json\/wp\/v2\/media\/58342"}],"wp:attachment":[{"href":"https:\/\/concertacaoamazonia.com.br\/en\/wp-json\/wp\/v2\/media?parent=58341"}],"wp:term":[{"taxonomy":"category","embeddable":true,"href":"https:\/\/concertacaoamazonia.com.br\/en\/wp-json\/wp\/v2\/categories?post=58341"},{"taxonomy":"post_tag","embeddable":true,"href":"https:\/\/concertacaoamazonia.com.br\/en\/wp-json\/wp\/v2\/tags?post=58341"},{"taxonomy":"veiculo","embeddable":true,"href":"https:\/\/concertacaoamazonia.com.br\/en\/wp-json\/wp\/v2\/veiculo?post=58341"},{"taxonomy":"ano","embeddable":true,"href":"https:\/\/concertacaoamazonia.com.br\/en\/wp-json\/wp\/v2\/ano?post=58341"},{"taxonomy":"eixos","embeddable":true,"href":"https:\/\/concertacaoamazonia.com.br\/en\/wp-json\/wp\/v2\/eixos?post=58341"}],"curies":[{"name":"wp","href":"https:\/\/api.w.org\/{rel}","templated":true}]}}