{"id":58310,"date":"2024-06-27T17:01:54","date_gmt":"2024-06-27T20:01:54","guid":{"rendered":"https:\/\/concertacaoamazonia.com.br\/?p=58310"},"modified":"2024-06-27T17:01:56","modified_gmt":"2024-06-27T20:01:56","slug":"a-cultura-e-suas-camadas-para-o-desenvolvimento-das-amazonias","status":"publish","type":"post","link":"https:\/\/concertacaoamazonia.com.br\/en\/2024\/06\/27\/a-cultura-e-suas-camadas-para-o-desenvolvimento-das-amazonias\/","title":{"rendered":"A cultura e suas camadas para o desenvolvimento das Amaz\u00f4nias"},"content":{"rendered":"\n<p>N\u00e3o h\u00e1 imagina\u00e7\u00e3o melhor do que a dos amaz\u00f4nidas para tra\u00e7ar os caminhos para o seu pr\u00f3prio desenvolvimento, escrevem L\u00edvia Pagotto, Eduardo Neves, Fernanda Renn\u00f3 e Jos\u00e9 Henrique Bortoluci<\/p>\n","protected":false},"excerpt":{"rendered":"<p>N\u00e3o h\u00e1 imagina\u00e7\u00e3o melhor do que a dos amaz\u00f4nidas para tra\u00e7ar os caminhos para o seu pr\u00f3prio desenvolvimento, escrevem L\u00edvia Pagotto, Eduardo Neves, Fernanda Renn\u00f3 e Jos\u00e9 Henrique Bortoluci<\/p>\n","protected":false},"author":226,"featured_media":58312,"comment_status":"closed","ping_status":"closed","sticky":false,"template":"","format":"standard","meta":{"footnotes":""},"categories":[28],"tags":[],"veiculo":[1914],"ano":[2075],"eixos":[],"class_list":["post-58310","post","type-post","status-publish","format-standard","has-post-thumbnail","hentry","category-artigo-externo","veiculo-poder-360"],"_links":{"self":[{"href":"https:\/\/concertacaoamazonia.com.br\/en\/wp-json\/wp\/v2\/posts\/58310","targetHints":{"allow":["GET"]}}],"collection":[{"href":"https:\/\/concertacaoamazonia.com.br\/en\/wp-json\/wp\/v2\/posts"}],"about":[{"href":"https:\/\/concertacaoamazonia.com.br\/en\/wp-json\/wp\/v2\/types\/post"}],"author":[{"embeddable":true,"href":"https:\/\/concertacaoamazonia.com.br\/en\/wp-json\/wp\/v2\/users\/226"}],"replies":[{"embeddable":true,"href":"https:\/\/concertacaoamazonia.com.br\/en\/wp-json\/wp\/v2\/comments?post=58310"}],"version-history":[{"count":0,"href":"https:\/\/concertacaoamazonia.com.br\/en\/wp-json\/wp\/v2\/posts\/58310\/revisions"}],"wp:featuredmedia":[{"embeddable":true,"href":"https:\/\/concertacaoamazonia.com.br\/en\/wp-json\/wp\/v2\/media\/58312"}],"wp:attachment":[{"href":"https:\/\/concertacaoamazonia.com.br\/en\/wp-json\/wp\/v2\/media?parent=58310"}],"wp:term":[{"taxonomy":"category","embeddable":true,"href":"https:\/\/concertacaoamazonia.com.br\/en\/wp-json\/wp\/v2\/categories?post=58310"},{"taxonomy":"post_tag","embeddable":true,"href":"https:\/\/concertacaoamazonia.com.br\/en\/wp-json\/wp\/v2\/tags?post=58310"},{"taxonomy":"veiculo","embeddable":true,"href":"https:\/\/concertacaoamazonia.com.br\/en\/wp-json\/wp\/v2\/veiculo?post=58310"},{"taxonomy":"ano","embeddable":true,"href":"https:\/\/concertacaoamazonia.com.br\/en\/wp-json\/wp\/v2\/ano?post=58310"},{"taxonomy":"eixos","embeddable":true,"href":"https:\/\/concertacaoamazonia.com.br\/en\/wp-json\/wp\/v2\/eixos?post=58310"}],"curies":[{"name":"wp","href":"https:\/\/api.w.org\/{rel}","templated":true}]}}