{"id":58306,"date":"2024-06-27T11:33:17","date_gmt":"2024-06-27T14:33:17","guid":{"rendered":"https:\/\/concertacaoamazonia.com.br\/?p=58306"},"modified":"2024-06-27T11:35:04","modified_gmt":"2024-06-27T14:35:04","slug":"itinerarios-amazonicos-e-apontado-pela-unesco-como-um-dos-5-exemplos-de-boas-praticas-de-educacao-no-mundo","status":"publish","type":"post","link":"https:\/\/concertacaoamazonia.com.br\/en\/2024\/06\/27\/itinerarios-amazonicos-e-apontado-pela-unesco-como-um-dos-5-exemplos-de-boas-praticas-de-educacao-no-mundo\/","title":{"rendered":"\u2018Itiner\u00e1rios Amaz\u00f4nicos\u2019 \u00e9 apontado pela Unesco como um dos 5 exemplos de boas pr\u00e1ticas de educa\u00e7\u00e3o no mundo"},"content":{"rendered":"\n<p>Programa j\u00e1 impactou mais de 55 mil professores, cerca de um milh\u00e3o de estudantes e tem presen\u00e7a em oito estados da Amaz\u00f4nia Legal.<\/p>\n","protected":false},"excerpt":{"rendered":"<p>Programa j\u00e1 impactou mais de 55 mil professores, cerca de um milh\u00e3o de estudantes e tem presen\u00e7a em oito estados da Amaz\u00f4nia Legal.<\/p>\n","protected":false},"author":226,"featured_media":58307,"comment_status":"closed","ping_status":"closed","sticky":false,"template":"","format":"standard","meta":{"footnotes":""},"categories":[28],"tags":[],"veiculo":[2145],"ano":[2075],"eixos":[],"class_list":["post-58306","post","type-post","status-publish","format-standard","has-post-thumbnail","hentry","category-artigo-externo","veiculo-portal-amazonia"],"_links":{"self":[{"href":"https:\/\/concertacaoamazonia.com.br\/en\/wp-json\/wp\/v2\/posts\/58306","targetHints":{"allow":["GET"]}}],"collection":[{"href":"https:\/\/concertacaoamazonia.com.br\/en\/wp-json\/wp\/v2\/posts"}],"about":[{"href":"https:\/\/concertacaoamazonia.com.br\/en\/wp-json\/wp\/v2\/types\/post"}],"author":[{"embeddable":true,"href":"https:\/\/concertacaoamazonia.com.br\/en\/wp-json\/wp\/v2\/users\/226"}],"replies":[{"embeddable":true,"href":"https:\/\/concertacaoamazonia.com.br\/en\/wp-json\/wp\/v2\/comments?post=58306"}],"version-history":[{"count":0,"href":"https:\/\/concertacaoamazonia.com.br\/en\/wp-json\/wp\/v2\/posts\/58306\/revisions"}],"wp:featuredmedia":[{"embeddable":true,"href":"https:\/\/concertacaoamazonia.com.br\/en\/wp-json\/wp\/v2\/media\/58307"}],"wp:attachment":[{"href":"https:\/\/concertacaoamazonia.com.br\/en\/wp-json\/wp\/v2\/media?parent=58306"}],"wp:term":[{"taxonomy":"category","embeddable":true,"href":"https:\/\/concertacaoamazonia.com.br\/en\/wp-json\/wp\/v2\/categories?post=58306"},{"taxonomy":"post_tag","embeddable":true,"href":"https:\/\/concertacaoamazonia.com.br\/en\/wp-json\/wp\/v2\/tags?post=58306"},{"taxonomy":"veiculo","embeddable":true,"href":"https:\/\/concertacaoamazonia.com.br\/en\/wp-json\/wp\/v2\/veiculo?post=58306"},{"taxonomy":"ano","embeddable":true,"href":"https:\/\/concertacaoamazonia.com.br\/en\/wp-json\/wp\/v2\/ano?post=58306"},{"taxonomy":"eixos","embeddable":true,"href":"https:\/\/concertacaoamazonia.com.br\/en\/wp-json\/wp\/v2\/eixos?post=58306"}],"curies":[{"name":"wp","href":"https:\/\/api.w.org\/{rel}","templated":true}]}}