{"id":58301,"date":"2024-06-27T11:24:22","date_gmt":"2024-06-27T14:24:22","guid":{"rendered":"https:\/\/concertacaoamazonia.com.br\/?p=58301"},"modified":"2026-05-02T00:10:28","modified_gmt":"2026-05-02T03:10:28","slug":"amazonia-legal-possui-o-segundo-maior-indice-de-analfabetismo-do-pais","status":"publish","type":"post","link":"https:\/\/concertacaoamazonia.com.br\/en\/2024\/06\/27\/amazonia-legal-possui-o-segundo-maior-indice-de-analfabetismo-do-pais\/","title":{"rendered":"Amaz\u00f4nia Legal possui o segundo maior \u00edndice de analfabetismo do pa\u00eds"},"content":{"rendered":"\n<p>Uma das principais causas \u00e9 a desigualdade social, que for\u00e7a muitas crian\u00e7as e adolescentes a abandonar a escola para auxiliar no sustento familiar.<\/p>\n","protected":false},"excerpt":{"rendered":"<p>Uma das principais causas \u00e9 a desigualdade social, que for\u00e7a muitas crian\u00e7as e adolescentes a abandonar a escola para auxiliar no sustento familiar.<\/p>\n","protected":false},"author":226,"featured_media":58302,"comment_status":"closed","ping_status":"closed","sticky":false,"template":"","format":"standard","meta":{"footnotes":""},"categories":[28],"tags":[],"veiculo":[2144],"ano":[2075],"eixos":[],"class_list":["post-58301","post","type-post","status-publish","format-standard","has-post-thumbnail","hentry","category-artigo-externo","veiculo-am1"],"_links":{"self":[{"href":"https:\/\/concertacaoamazonia.com.br\/en\/wp-json\/wp\/v2\/posts\/58301","targetHints":{"allow":["GET"]}}],"collection":[{"href":"https:\/\/concertacaoamazonia.com.br\/en\/wp-json\/wp\/v2\/posts"}],"about":[{"href":"https:\/\/concertacaoamazonia.com.br\/en\/wp-json\/wp\/v2\/types\/post"}],"author":[{"embeddable":true,"href":"https:\/\/concertacaoamazonia.com.br\/en\/wp-json\/wp\/v2\/users\/226"}],"replies":[{"embeddable":true,"href":"https:\/\/concertacaoamazonia.com.br\/en\/wp-json\/wp\/v2\/comments?post=58301"}],"version-history":[{"count":0,"href":"https:\/\/concertacaoamazonia.com.br\/en\/wp-json\/wp\/v2\/posts\/58301\/revisions"}],"wp:featuredmedia":[{"embeddable":true,"href":"https:\/\/concertacaoamazonia.com.br\/en\/wp-json\/wp\/v2\/media\/58302"}],"wp:attachment":[{"href":"https:\/\/concertacaoamazonia.com.br\/en\/wp-json\/wp\/v2\/media?parent=58301"}],"wp:term":[{"taxonomy":"category","embeddable":true,"href":"https:\/\/concertacaoamazonia.com.br\/en\/wp-json\/wp\/v2\/categories?post=58301"},{"taxonomy":"post_tag","embeddable":true,"href":"https:\/\/concertacaoamazonia.com.br\/en\/wp-json\/wp\/v2\/tags?post=58301"},{"taxonomy":"veiculo","embeddable":true,"href":"https:\/\/concertacaoamazonia.com.br\/en\/wp-json\/wp\/v2\/veiculo?post=58301"},{"taxonomy":"ano","embeddable":true,"href":"https:\/\/concertacaoamazonia.com.br\/en\/wp-json\/wp\/v2\/ano?post=58301"},{"taxonomy":"eixos","embeddable":true,"href":"https:\/\/concertacaoamazonia.com.br\/en\/wp-json\/wp\/v2\/eixos?post=58301"}],"curies":[{"name":"wp","href":"https:\/\/api.w.org\/{rel}","templated":true}]}}