{"id":58284,"date":"2024-06-27T10:50:25","date_gmt":"2024-06-27T13:50:25","guid":{"rendered":"https:\/\/concertacaoamazonia.com.br\/?p=58284"},"modified":"2024-06-27T10:50:28","modified_gmt":"2024-06-27T13:50:28","slug":"brasil-perde-63-milhoes-de-hectares-de-superficie-de-agua-em-40-anos-quase-um-terco-da-area-de-1985","status":"publish","type":"post","link":"https:\/\/concertacaoamazonia.com.br\/en\/2024\/06\/27\/brasil-perde-63-milhoes-de-hectares-de-superficie-de-agua-em-40-anos-quase-um-terco-da-area-de-1985\/","title":{"rendered":"Brasil perde 6,3 milh\u00f5es de hectares de superf\u00edcie de \u00e1gua em 40 anos, quase um ter\u00e7o da \u00e1rea de 1985"},"content":{"rendered":"\n<p>Levantamento do MapBiomas mostra tend\u00eancia cont\u00ednua de redu\u00e7\u00e3o desde 2000, com todos os biomas ficando anualmente abaixo das m\u00e9dias hist\u00f3ricas<\/p>\n","protected":false},"excerpt":{"rendered":"<p>Levantamento do MapBiomas mostra tend\u00eancia cont\u00ednua de redu\u00e7\u00e3o desde 2000, com todos os biomas ficando anualmente abaixo das m\u00e9dias hist\u00f3ricas<\/p>\n","protected":false},"author":226,"featured_media":58285,"comment_status":"closed","ping_status":"closed","sticky":false,"template":"","format":"standard","meta":{"footnotes":""},"categories":[28],"tags":[],"veiculo":[732],"ano":[2075],"eixos":[],"class_list":["post-58284","post","type-post","status-publish","format-standard","has-post-thumbnail","hentry","category-artigo-externo","veiculo-um-so-planeta-globo"],"_links":{"self":[{"href":"https:\/\/concertacaoamazonia.com.br\/en\/wp-json\/wp\/v2\/posts\/58284","targetHints":{"allow":["GET"]}}],"collection":[{"href":"https:\/\/concertacaoamazonia.com.br\/en\/wp-json\/wp\/v2\/posts"}],"about":[{"href":"https:\/\/concertacaoamazonia.com.br\/en\/wp-json\/wp\/v2\/types\/post"}],"author":[{"embeddable":true,"href":"https:\/\/concertacaoamazonia.com.br\/en\/wp-json\/wp\/v2\/users\/226"}],"replies":[{"embeddable":true,"href":"https:\/\/concertacaoamazonia.com.br\/en\/wp-json\/wp\/v2\/comments?post=58284"}],"version-history":[{"count":0,"href":"https:\/\/concertacaoamazonia.com.br\/en\/wp-json\/wp\/v2\/posts\/58284\/revisions"}],"wp:featuredmedia":[{"embeddable":true,"href":"https:\/\/concertacaoamazonia.com.br\/en\/wp-json\/wp\/v2\/media\/58285"}],"wp:attachment":[{"href":"https:\/\/concertacaoamazonia.com.br\/en\/wp-json\/wp\/v2\/media?parent=58284"}],"wp:term":[{"taxonomy":"category","embeddable":true,"href":"https:\/\/concertacaoamazonia.com.br\/en\/wp-json\/wp\/v2\/categories?post=58284"},{"taxonomy":"post_tag","embeddable":true,"href":"https:\/\/concertacaoamazonia.com.br\/en\/wp-json\/wp\/v2\/tags?post=58284"},{"taxonomy":"veiculo","embeddable":true,"href":"https:\/\/concertacaoamazonia.com.br\/en\/wp-json\/wp\/v2\/veiculo?post=58284"},{"taxonomy":"ano","embeddable":true,"href":"https:\/\/concertacaoamazonia.com.br\/en\/wp-json\/wp\/v2\/ano?post=58284"},{"taxonomy":"eixos","embeddable":true,"href":"https:\/\/concertacaoamazonia.com.br\/en\/wp-json\/wp\/v2\/eixos?post=58284"}],"curies":[{"name":"wp","href":"https:\/\/api.w.org\/{rel}","templated":true}]}}