{"id":58220,"date":"2024-06-26T15:55:26","date_gmt":"2024-06-26T18:55:26","guid":{"rendered":"https:\/\/concertacaoamazonia.com.br\/?p=58220"},"modified":"2024-06-26T15:55:29","modified_gmt":"2024-06-26T18:55:29","slug":"seca-no-amazonas-aumenta-queimadas-no-pantanal-e-leva-estiagem-pelo-brasil-entenda","status":"publish","type":"post","link":"https:\/\/concertacaoamazonia.com.br\/en\/2024\/06\/26\/seca-no-amazonas-aumenta-queimadas-no-pantanal-e-leva-estiagem-pelo-brasil-entenda\/","title":{"rendered":"Seca no Amazonas aumenta queimadas no Pantanal e leva estiagem pelo Brasil; entenda"},"content":{"rendered":"\n<p>Todo o territ\u00f3rio nacional depende da umidade que \u00e9 gerada na regi\u00e3o e depois \u00e9 empurrada pelo pa\u00eds.<\/p>\n","protected":false},"excerpt":{"rendered":"<p>Todo o territ\u00f3rio nacional depende da umidade que \u00e9 gerada na regi\u00e3o e depois \u00e9 empurrada pelo pa\u00eds.<\/p>\n","protected":false},"author":226,"featured_media":58221,"comment_status":"closed","ping_status":"closed","sticky":false,"template":"","format":"standard","meta":{"footnotes":""},"categories":[28],"tags":[],"veiculo":[714],"ano":[2075],"eixos":[],"class_list":["post-58220","post","type-post","status-publish","format-standard","has-post-thumbnail","hentry","category-artigo-externo","veiculo-g1"],"_links":{"self":[{"href":"https:\/\/concertacaoamazonia.com.br\/en\/wp-json\/wp\/v2\/posts\/58220","targetHints":{"allow":["GET"]}}],"collection":[{"href":"https:\/\/concertacaoamazonia.com.br\/en\/wp-json\/wp\/v2\/posts"}],"about":[{"href":"https:\/\/concertacaoamazonia.com.br\/en\/wp-json\/wp\/v2\/types\/post"}],"author":[{"embeddable":true,"href":"https:\/\/concertacaoamazonia.com.br\/en\/wp-json\/wp\/v2\/users\/226"}],"replies":[{"embeddable":true,"href":"https:\/\/concertacaoamazonia.com.br\/en\/wp-json\/wp\/v2\/comments?post=58220"}],"version-history":[{"count":0,"href":"https:\/\/concertacaoamazonia.com.br\/en\/wp-json\/wp\/v2\/posts\/58220\/revisions"}],"wp:featuredmedia":[{"embeddable":true,"href":"https:\/\/concertacaoamazonia.com.br\/en\/wp-json\/wp\/v2\/media\/58221"}],"wp:attachment":[{"href":"https:\/\/concertacaoamazonia.com.br\/en\/wp-json\/wp\/v2\/media?parent=58220"}],"wp:term":[{"taxonomy":"category","embeddable":true,"href":"https:\/\/concertacaoamazonia.com.br\/en\/wp-json\/wp\/v2\/categories?post=58220"},{"taxonomy":"post_tag","embeddable":true,"href":"https:\/\/concertacaoamazonia.com.br\/en\/wp-json\/wp\/v2\/tags?post=58220"},{"taxonomy":"veiculo","embeddable":true,"href":"https:\/\/concertacaoamazonia.com.br\/en\/wp-json\/wp\/v2\/veiculo?post=58220"},{"taxonomy":"ano","embeddable":true,"href":"https:\/\/concertacaoamazonia.com.br\/en\/wp-json\/wp\/v2\/ano?post=58220"},{"taxonomy":"eixos","embeddable":true,"href":"https:\/\/concertacaoamazonia.com.br\/en\/wp-json\/wp\/v2\/eixos?post=58220"}],"curies":[{"name":"wp","href":"https:\/\/api.w.org\/{rel}","templated":true}]}}