{"id":58191,"date":"2024-06-24T16:21:08","date_gmt":"2024-06-24T19:21:08","guid":{"rendered":"https:\/\/concertacaoamazonia.com.br\/?p=58191"},"modified":"2024-06-24T16:21:16","modified_gmt":"2024-06-24T19:21:16","slug":"comunicacao-sobre-mudancas-climaticas-deve-ser-mais-abrangente-defendem-especialistas","status":"publish","type":"post","link":"https:\/\/concertacaoamazonia.com.br\/en\/2024\/06\/24\/comunicacao-sobre-mudancas-climaticas-deve-ser-mais-abrangente-defendem-especialistas\/","title":{"rendered":"Comunica\u00e7\u00e3o sobre mudan\u00e7as clim\u00e1ticas deve ser mais abrangente, defendem especialistas"},"content":{"rendered":"\n<p>Essa \u00e9 uma obriga\u00e7\u00e3o moral dos cientistas especializados no tema, diz Luciana Gatti, pesquisadora em gases de efeito estufa e mudan\u00e7as clim\u00e1ticas na Amaz\u00f4nia que participou do Festival LED<\/p>\n","protected":false},"excerpt":{"rendered":"<p>Essa \u00e9 uma obriga\u00e7\u00e3o moral dos cientistas especializados no tema, diz Luciana Gatti, pesquisadora em gases de efeito estufa e mudan\u00e7as clim\u00e1ticas na Amaz\u00f4nia que participou do Festival LED<\/p>\n","protected":false},"author":226,"featured_media":9371,"comment_status":"closed","ping_status":"closed","sticky":false,"template":"","format":"standard","meta":{"footnotes":""},"categories":[28],"tags":[],"veiculo":[1873],"ano":[2075],"eixos":[],"class_list":["post-58191","post","type-post","status-publish","format-standard","has-post-thumbnail","hentry","category-artigo-externo","veiculo-valor-economico-en-2"],"_links":{"self":[{"href":"https:\/\/concertacaoamazonia.com.br\/en\/wp-json\/wp\/v2\/posts\/58191","targetHints":{"allow":["GET"]}}],"collection":[{"href":"https:\/\/concertacaoamazonia.com.br\/en\/wp-json\/wp\/v2\/posts"}],"about":[{"href":"https:\/\/concertacaoamazonia.com.br\/en\/wp-json\/wp\/v2\/types\/post"}],"author":[{"embeddable":true,"href":"https:\/\/concertacaoamazonia.com.br\/en\/wp-json\/wp\/v2\/users\/226"}],"replies":[{"embeddable":true,"href":"https:\/\/concertacaoamazonia.com.br\/en\/wp-json\/wp\/v2\/comments?post=58191"}],"version-history":[{"count":0,"href":"https:\/\/concertacaoamazonia.com.br\/en\/wp-json\/wp\/v2\/posts\/58191\/revisions"}],"wp:featuredmedia":[{"embeddable":true,"href":"https:\/\/concertacaoamazonia.com.br\/en\/wp-json\/wp\/v2\/media\/9371"}],"wp:attachment":[{"href":"https:\/\/concertacaoamazonia.com.br\/en\/wp-json\/wp\/v2\/media?parent=58191"}],"wp:term":[{"taxonomy":"category","embeddable":true,"href":"https:\/\/concertacaoamazonia.com.br\/en\/wp-json\/wp\/v2\/categories?post=58191"},{"taxonomy":"post_tag","embeddable":true,"href":"https:\/\/concertacaoamazonia.com.br\/en\/wp-json\/wp\/v2\/tags?post=58191"},{"taxonomy":"veiculo","embeddable":true,"href":"https:\/\/concertacaoamazonia.com.br\/en\/wp-json\/wp\/v2\/veiculo?post=58191"},{"taxonomy":"ano","embeddable":true,"href":"https:\/\/concertacaoamazonia.com.br\/en\/wp-json\/wp\/v2\/ano?post=58191"},{"taxonomy":"eixos","embeddable":true,"href":"https:\/\/concertacaoamazonia.com.br\/en\/wp-json\/wp\/v2\/eixos?post=58191"}],"curies":[{"name":"wp","href":"https:\/\/api.w.org\/{rel}","templated":true}]}}