{"id":58045,"date":"2024-06-21T10:34:45","date_gmt":"2024-06-21T13:34:45","guid":{"rendered":"https:\/\/concertacaoamazonia.com.br\/?p=58045"},"modified":"2024-06-21T10:34:47","modified_gmt":"2024-06-21T13:34:47","slug":"jornalistas-estao-sob-ameaca-na-amazonia-aponta-relatorio","status":"publish","type":"post","link":"https:\/\/concertacaoamazonia.com.br\/en\/2024\/06\/21\/jornalistas-estao-sob-ameaca-na-amazonia-aponta-relatorio\/","title":{"rendered":"Jornalistas est\u00e3o sob amea\u00e7a na amaz\u00f4nia, aponta relat\u00f3rio"},"content":{"rendered":"\n<p>O&nbsp;<a href=\"https:\/\/www1.folha.uol.com.br\/colunas\/monicabergamo\/2024\/06\/anistia-internacional-cobra-avanco-do-julgamento-dos-acusados-de-matar-dom-phillips-e-bruno-pereira.shtml\" rel=\"noreferrer noopener\" target=\"_blank\">assassinato do rep\u00f3rter brit\u00e2nico Dom Phillips<\/a>&nbsp;na&nbsp;<a href=\"https:\/\/www1.folha.uol.com.br\/folha-topicos\/floresta-amazonica\/\" target=\"_blank\" rel=\"noreferrer noopener\">floresta amaz\u00f4nica<\/a>, h\u00e1 dois anos, n\u00e3o foi um crime isolado. Na regi\u00e3o, a&nbsp;<a href=\"https:\/\/www1.folha.uol.com.br\/folha-topicos\/violencia\/\" target=\"_blank\" rel=\"noreferrer noopener\">viol\u00eancia<\/a>&nbsp;contra jornalistas cresceu nos \u00faltimos anos, segundo um relat\u00f3rio publicado nesta quarta-feira (19).<\/p>\n","protected":false},"excerpt":{"rendered":"<p>O assassinato do rep\u00f3rter brit\u00e2nico Dom Phillips na floresta amaz\u00f4nica, h\u00e1 dois anos, n\u00e3o foi um crime isolado. Na regi\u00e3o, a viol\u00eancia contra jornalistas cresceu nos \u00faltimos anos, segundo um relat\u00f3rio publicado nesta quarta-feira (19).<\/p>\n","protected":false},"author":226,"featured_media":58046,"comment_status":"closed","ping_status":"closed","sticky":false,"template":"","format":"standard","meta":{"footnotes":""},"categories":[28],"tags":[],"veiculo":[1871],"ano":[2075],"eixos":[],"class_list":["post-58045","post","type-post","status-publish","format-standard","has-post-thumbnail","hentry","category-artigo-externo","veiculo-folha-de-sao-paulo-en-2"],"_links":{"self":[{"href":"https:\/\/concertacaoamazonia.com.br\/en\/wp-json\/wp\/v2\/posts\/58045","targetHints":{"allow":["GET"]}}],"collection":[{"href":"https:\/\/concertacaoamazonia.com.br\/en\/wp-json\/wp\/v2\/posts"}],"about":[{"href":"https:\/\/concertacaoamazonia.com.br\/en\/wp-json\/wp\/v2\/types\/post"}],"author":[{"embeddable":true,"href":"https:\/\/concertacaoamazonia.com.br\/en\/wp-json\/wp\/v2\/users\/226"}],"replies":[{"embeddable":true,"href":"https:\/\/concertacaoamazonia.com.br\/en\/wp-json\/wp\/v2\/comments?post=58045"}],"version-history":[{"count":0,"href":"https:\/\/concertacaoamazonia.com.br\/en\/wp-json\/wp\/v2\/posts\/58045\/revisions"}],"wp:featuredmedia":[{"embeddable":true,"href":"https:\/\/concertacaoamazonia.com.br\/en\/wp-json\/wp\/v2\/media\/58046"}],"wp:attachment":[{"href":"https:\/\/concertacaoamazonia.com.br\/en\/wp-json\/wp\/v2\/media?parent=58045"}],"wp:term":[{"taxonomy":"category","embeddable":true,"href":"https:\/\/concertacaoamazonia.com.br\/en\/wp-json\/wp\/v2\/categories?post=58045"},{"taxonomy":"post_tag","embeddable":true,"href":"https:\/\/concertacaoamazonia.com.br\/en\/wp-json\/wp\/v2\/tags?post=58045"},{"taxonomy":"veiculo","embeddable":true,"href":"https:\/\/concertacaoamazonia.com.br\/en\/wp-json\/wp\/v2\/veiculo?post=58045"},{"taxonomy":"ano","embeddable":true,"href":"https:\/\/concertacaoamazonia.com.br\/en\/wp-json\/wp\/v2\/ano?post=58045"},{"taxonomy":"eixos","embeddable":true,"href":"https:\/\/concertacaoamazonia.com.br\/en\/wp-json\/wp\/v2\/eixos?post=58045"}],"curies":[{"name":"wp","href":"https:\/\/api.w.org\/{rel}","templated":true}]}}