{"id":58043,"date":"2024-06-21T10:32:57","date_gmt":"2024-06-21T13:32:57","guid":{"rendered":"https:\/\/concertacaoamazonia.com.br\/?p=58043"},"modified":"2024-06-21T10:32:59","modified_gmt":"2024-06-21T13:32:59","slug":"maioria-dos-brasileiros-apoia-fim-de-combustiveis-fosseis","status":"publish","type":"post","link":"https:\/\/concertacaoamazonia.com.br\/en\/2024\/06\/21\/maioria-dos-brasileiros-apoia-fim-de-combustiveis-fosseis\/","title":{"rendered":"Maioria dos brasileiros apoia fim de combust\u00edveis f\u00f3sseis"},"content":{"rendered":"\n<p>A maior pesquisa de opini\u00e3o p\u00fablica independente sobre mudan\u00e7a clim\u00e1tica, feita pelas Na\u00e7\u00f5es Unidas, revela que 80% das pessoas no mundo querem que seus governos tomem medidas mais fortes para enfrentar a emerg\u00eancia global.<\/p>\n","protected":false},"excerpt":{"rendered":"<p>A maior pesquisa de opini\u00e3o p\u00fablica independente sobre mudan\u00e7a clim\u00e1tica, feita pelas Na\u00e7\u00f5es Unidas, revela que 80% das pessoas no mundo querem que seus governos tomem medidas mais fortes para enfrentar a emerg\u00eancia global.<\/p>\n","protected":false},"author":226,"featured_media":9371,"comment_status":"closed","ping_status":"closed","sticky":false,"template":"","format":"standard","meta":{"footnotes":""},"categories":[28],"tags":[],"veiculo":[1873],"ano":[2075],"eixos":[],"class_list":["post-58043","post","type-post","status-publish","format-standard","has-post-thumbnail","hentry","category-artigo-externo","veiculo-valor-economico-en-2"],"_links":{"self":[{"href":"https:\/\/concertacaoamazonia.com.br\/en\/wp-json\/wp\/v2\/posts\/58043","targetHints":{"allow":["GET"]}}],"collection":[{"href":"https:\/\/concertacaoamazonia.com.br\/en\/wp-json\/wp\/v2\/posts"}],"about":[{"href":"https:\/\/concertacaoamazonia.com.br\/en\/wp-json\/wp\/v2\/types\/post"}],"author":[{"embeddable":true,"href":"https:\/\/concertacaoamazonia.com.br\/en\/wp-json\/wp\/v2\/users\/226"}],"replies":[{"embeddable":true,"href":"https:\/\/concertacaoamazonia.com.br\/en\/wp-json\/wp\/v2\/comments?post=58043"}],"version-history":[{"count":0,"href":"https:\/\/concertacaoamazonia.com.br\/en\/wp-json\/wp\/v2\/posts\/58043\/revisions"}],"wp:featuredmedia":[{"embeddable":true,"href":"https:\/\/concertacaoamazonia.com.br\/en\/wp-json\/wp\/v2\/media\/9371"}],"wp:attachment":[{"href":"https:\/\/concertacaoamazonia.com.br\/en\/wp-json\/wp\/v2\/media?parent=58043"}],"wp:term":[{"taxonomy":"category","embeddable":true,"href":"https:\/\/concertacaoamazonia.com.br\/en\/wp-json\/wp\/v2\/categories?post=58043"},{"taxonomy":"post_tag","embeddable":true,"href":"https:\/\/concertacaoamazonia.com.br\/en\/wp-json\/wp\/v2\/tags?post=58043"},{"taxonomy":"veiculo","embeddable":true,"href":"https:\/\/concertacaoamazonia.com.br\/en\/wp-json\/wp\/v2\/veiculo?post=58043"},{"taxonomy":"ano","embeddable":true,"href":"https:\/\/concertacaoamazonia.com.br\/en\/wp-json\/wp\/v2\/ano?post=58043"},{"taxonomy":"eixos","embeddable":true,"href":"https:\/\/concertacaoamazonia.com.br\/en\/wp-json\/wp\/v2\/eixos?post=58043"}],"curies":[{"name":"wp","href":"https:\/\/api.w.org\/{rel}","templated":true}]}}