{"id":57974,"date":"2024-06-20T16:29:06","date_gmt":"2024-06-20T19:29:06","guid":{"rendered":"https:\/\/concertacaoamazonia.com.br\/?p=57974"},"modified":"2024-06-20T16:29:09","modified_gmt":"2024-06-20T19:29:09","slug":"impacto-das-mudancas-climaticas-entra-no-radar-dos-negocios-mas-velocidade-de-mudancas-e-lenta-aponta-cdp","status":"publish","type":"post","link":"https:\/\/concertacaoamazonia.com.br\/en\/2024\/06\/20\/impacto-das-mudancas-climaticas-entra-no-radar-dos-negocios-mas-velocidade-de-mudancas-e-lenta-aponta-cdp\/","title":{"rendered":"Impacto das mudan\u00e7as clim\u00e1ticas entra no radar dos neg\u00f3cios, mas velocidade de mudan\u00e7as \u00e9 lenta, aponta CDP"},"content":{"rendered":"\n<p>As pr\u00e1ticas sustent\u00e1veis entraram no radar de cada vez mais companhias, que avaliam o impacto das mudan\u00e7as clim\u00e1ticas no radar dos neg\u00f3cios. Mas sair da teoria \u00e0 pr\u00e1tica ainda \u00e9 um desafio vis\u00edvel. \u00c9 o que mostra levantamento do CDP Latin America, organiza\u00e7\u00e3o que administra um sistema mundial de divulga\u00e7\u00e3o de dados ambientais para empresas, cidades, estados e regi\u00f5es, publicado com exclusividade pelo Pr\u00e1tica ESG.<\/p>\n","protected":false},"excerpt":{"rendered":"<p>As pr\u00e1ticas sustent\u00e1veis entraram no radar de cada vez mais companhias, que avaliam o impacto das mudan\u00e7as clim\u00e1ticas no radar dos neg\u00f3cios. Mas sair da teoria \u00e0 pr\u00e1tica ainda \u00e9 um desafio vis\u00edvel. \u00c9 o que mostra levantamento do CDP Latin America, organiza\u00e7\u00e3o que administra um sistema mundial de divulga\u00e7\u00e3o de dados ambientais para empresas, cidades, estados e regi\u00f5es, publicado com exclusividade pelo Pr\u00e1tica ESG.<\/p>\n","protected":false},"author":226,"featured_media":57975,"comment_status":"closed","ping_status":"closed","sticky":false,"template":"","format":"standard","meta":{"footnotes":""},"categories":[28],"tags":[],"veiculo":[1873],"ano":[2075],"eixos":[],"class_list":["post-57974","post","type-post","status-publish","format-standard","has-post-thumbnail","hentry","category-artigo-externo","veiculo-valor-economico-en-2"],"_links":{"self":[{"href":"https:\/\/concertacaoamazonia.com.br\/en\/wp-json\/wp\/v2\/posts\/57974","targetHints":{"allow":["GET"]}}],"collection":[{"href":"https:\/\/concertacaoamazonia.com.br\/en\/wp-json\/wp\/v2\/posts"}],"about":[{"href":"https:\/\/concertacaoamazonia.com.br\/en\/wp-json\/wp\/v2\/types\/post"}],"author":[{"embeddable":true,"href":"https:\/\/concertacaoamazonia.com.br\/en\/wp-json\/wp\/v2\/users\/226"}],"replies":[{"embeddable":true,"href":"https:\/\/concertacaoamazonia.com.br\/en\/wp-json\/wp\/v2\/comments?post=57974"}],"version-history":[{"count":0,"href":"https:\/\/concertacaoamazonia.com.br\/en\/wp-json\/wp\/v2\/posts\/57974\/revisions"}],"wp:featuredmedia":[{"embeddable":true,"href":"https:\/\/concertacaoamazonia.com.br\/en\/wp-json\/wp\/v2\/media\/57975"}],"wp:attachment":[{"href":"https:\/\/concertacaoamazonia.com.br\/en\/wp-json\/wp\/v2\/media?parent=57974"}],"wp:term":[{"taxonomy":"category","embeddable":true,"href":"https:\/\/concertacaoamazonia.com.br\/en\/wp-json\/wp\/v2\/categories?post=57974"},{"taxonomy":"post_tag","embeddable":true,"href":"https:\/\/concertacaoamazonia.com.br\/en\/wp-json\/wp\/v2\/tags?post=57974"},{"taxonomy":"veiculo","embeddable":true,"href":"https:\/\/concertacaoamazonia.com.br\/en\/wp-json\/wp\/v2\/veiculo?post=57974"},{"taxonomy":"ano","embeddable":true,"href":"https:\/\/concertacaoamazonia.com.br\/en\/wp-json\/wp\/v2\/ano?post=57974"},{"taxonomy":"eixos","embeddable":true,"href":"https:\/\/concertacaoamazonia.com.br\/en\/wp-json\/wp\/v2\/eixos?post=57974"}],"curies":[{"name":"wp","href":"https:\/\/api.w.org\/{rel}","templated":true}]}}