{"id":57963,"date":"2024-06-20T16:23:36","date_gmt":"2024-06-20T19:23:36","guid":{"rendered":"https:\/\/concertacaoamazonia.com.br\/?p=57963"},"modified":"2024-06-20T16:23:39","modified_gmt":"2024-06-20T19:23:39","slug":"brasil-esta-entre-paises-mais-bem-posicionados-para-transicao-energetica-diz-relatorio","status":"publish","type":"post","link":"https:\/\/concertacaoamazonia.com.br\/en\/2024\/06\/20\/brasil-esta-entre-paises-mais-bem-posicionados-para-transicao-energetica-diz-relatorio\/","title":{"rendered":"Brasil est\u00e1 entre pa\u00edses mais bem posicionados para transi\u00e7\u00e3o energ\u00e9tica, diz relat\u00f3rio"},"content":{"rendered":"\n<p>O Brasil est\u00e1 entre os pa\u00edses mais bem posicionados para fazer a transi\u00e7\u00e3o energ\u00e9tica, \u00e0 frente mesmo de na\u00e7\u00f5es desenvolvidas, de acordo com relat\u00f3rio do&nbsp;<a href=\"https:\/\/www1.folha.uol.com.br\/folha-topicos\/forum-economico-mundial\/\" rel=\"noreferrer noopener\" target=\"_blank\">F\u00f3rum Econ\u00f4mico Mundial<\/a>&nbsp;publicado nesta quarta (19).<\/p>\n","protected":false},"excerpt":{"rendered":"<p>O Brasil est\u00e1 entre os pa\u00edses mais bem posicionados para fazer a transi\u00e7\u00e3o energ\u00e9tica, \u00e0 frente mesmo de na\u00e7\u00f5es desenvolvidas, de acordo com relat\u00f3rio do F\u00f3rum Econ\u00f4mico Mundial publicado nesta quarta (19).<\/p>\n","protected":false},"author":226,"featured_media":57964,"comment_status":"closed","ping_status":"closed","sticky":false,"template":"","format":"standard","meta":{"footnotes":""},"categories":[28],"tags":[],"veiculo":[1871],"ano":[2075],"eixos":[],"class_list":["post-57963","post","type-post","status-publish","format-standard","has-post-thumbnail","hentry","category-artigo-externo","veiculo-folha-de-sao-paulo-en-2"],"_links":{"self":[{"href":"https:\/\/concertacaoamazonia.com.br\/en\/wp-json\/wp\/v2\/posts\/57963","targetHints":{"allow":["GET"]}}],"collection":[{"href":"https:\/\/concertacaoamazonia.com.br\/en\/wp-json\/wp\/v2\/posts"}],"about":[{"href":"https:\/\/concertacaoamazonia.com.br\/en\/wp-json\/wp\/v2\/types\/post"}],"author":[{"embeddable":true,"href":"https:\/\/concertacaoamazonia.com.br\/en\/wp-json\/wp\/v2\/users\/226"}],"replies":[{"embeddable":true,"href":"https:\/\/concertacaoamazonia.com.br\/en\/wp-json\/wp\/v2\/comments?post=57963"}],"version-history":[{"count":0,"href":"https:\/\/concertacaoamazonia.com.br\/en\/wp-json\/wp\/v2\/posts\/57963\/revisions"}],"wp:featuredmedia":[{"embeddable":true,"href":"https:\/\/concertacaoamazonia.com.br\/en\/wp-json\/wp\/v2\/media\/57964"}],"wp:attachment":[{"href":"https:\/\/concertacaoamazonia.com.br\/en\/wp-json\/wp\/v2\/media?parent=57963"}],"wp:term":[{"taxonomy":"category","embeddable":true,"href":"https:\/\/concertacaoamazonia.com.br\/en\/wp-json\/wp\/v2\/categories?post=57963"},{"taxonomy":"post_tag","embeddable":true,"href":"https:\/\/concertacaoamazonia.com.br\/en\/wp-json\/wp\/v2\/tags?post=57963"},{"taxonomy":"veiculo","embeddable":true,"href":"https:\/\/concertacaoamazonia.com.br\/en\/wp-json\/wp\/v2\/veiculo?post=57963"},{"taxonomy":"ano","embeddable":true,"href":"https:\/\/concertacaoamazonia.com.br\/en\/wp-json\/wp\/v2\/ano?post=57963"},{"taxonomy":"eixos","embeddable":true,"href":"https:\/\/concertacaoamazonia.com.br\/en\/wp-json\/wp\/v2\/eixos?post=57963"}],"curies":[{"name":"wp","href":"https:\/\/api.w.org\/{rel}","templated":true}]}}