{"id":57919,"date":"2024-06-19T15:24:20","date_gmt":"2024-06-19T18:24:20","guid":{"rendered":"https:\/\/concertacaoamazonia.com.br\/?p=57919"},"modified":"2024-06-19T15:24:23","modified_gmt":"2024-06-19T18:24:23","slug":"itinerarios-amazonicos-e-exemplo-de-boas-praticas-educacionais-diz-unesco","status":"publish","type":"post","link":"https:\/\/concertacaoamazonia.com.br\/en\/2024\/06\/19\/itinerarios-amazonicos-e-exemplo-de-boas-praticas-educacionais-diz-unesco\/","title":{"rendered":"\u201cItiner\u00e1rios Amaz\u00f4nicos\u201d \u00e9 exemplo de boas pr\u00e1ticas educacionais, diz Unesco"},"content":{"rendered":"\n<p>Como empoderar estudantes para agir diante das mudan\u00e7as clim\u00e1ticas? Um programa est\u00e1 atuando na Amaz\u00f4nia para transformar vidas por meio da educa\u00e7\u00e3o. \u00c9 o Itiner\u00e1rios Amaz\u00f4nicos, que tem o objetivo de oferecer forma\u00e7\u00e3o e conhecimento aos professores da regi\u00e3o.<\/p>\n","protected":false},"excerpt":{"rendered":"<p>Como empoderar estudantes para agir diante das mudan\u00e7as clim\u00e1ticas? Um programa est\u00e1 atuando na Amaz\u00f4nia para transformar vidas por meio da educa\u00e7\u00e3o. \u00c9 o Itiner\u00e1rios Amaz\u00f4nicos, que tem o objetivo de oferecer forma\u00e7\u00e3o e conhecimento aos professores da regi\u00e3o.<\/p>\n","protected":false},"author":226,"featured_media":57920,"comment_status":"closed","ping_status":"closed","sticky":false,"template":"","format":"standard","meta":{"footnotes":""},"categories":[28],"tags":[],"veiculo":[2137],"ano":[2075],"eixos":[],"class_list":["post-57919","post","type-post","status-publish","format-standard","has-post-thumbnail","hentry","category-artigo-externo","veiculo-correio-da-amazonia"],"_links":{"self":[{"href":"https:\/\/concertacaoamazonia.com.br\/en\/wp-json\/wp\/v2\/posts\/57919","targetHints":{"allow":["GET"]}}],"collection":[{"href":"https:\/\/concertacaoamazonia.com.br\/en\/wp-json\/wp\/v2\/posts"}],"about":[{"href":"https:\/\/concertacaoamazonia.com.br\/en\/wp-json\/wp\/v2\/types\/post"}],"author":[{"embeddable":true,"href":"https:\/\/concertacaoamazonia.com.br\/en\/wp-json\/wp\/v2\/users\/226"}],"replies":[{"embeddable":true,"href":"https:\/\/concertacaoamazonia.com.br\/en\/wp-json\/wp\/v2\/comments?post=57919"}],"version-history":[{"count":0,"href":"https:\/\/concertacaoamazonia.com.br\/en\/wp-json\/wp\/v2\/posts\/57919\/revisions"}],"wp:featuredmedia":[{"embeddable":true,"href":"https:\/\/concertacaoamazonia.com.br\/en\/wp-json\/wp\/v2\/media\/57920"}],"wp:attachment":[{"href":"https:\/\/concertacaoamazonia.com.br\/en\/wp-json\/wp\/v2\/media?parent=57919"}],"wp:term":[{"taxonomy":"category","embeddable":true,"href":"https:\/\/concertacaoamazonia.com.br\/en\/wp-json\/wp\/v2\/categories?post=57919"},{"taxonomy":"post_tag","embeddable":true,"href":"https:\/\/concertacaoamazonia.com.br\/en\/wp-json\/wp\/v2\/tags?post=57919"},{"taxonomy":"veiculo","embeddable":true,"href":"https:\/\/concertacaoamazonia.com.br\/en\/wp-json\/wp\/v2\/veiculo?post=57919"},{"taxonomy":"ano","embeddable":true,"href":"https:\/\/concertacaoamazonia.com.br\/en\/wp-json\/wp\/v2\/ano?post=57919"},{"taxonomy":"eixos","embeddable":true,"href":"https:\/\/concertacaoamazonia.com.br\/en\/wp-json\/wp\/v2\/eixos?post=57919"}],"curies":[{"name":"wp","href":"https:\/\/api.w.org\/{rel}","templated":true}]}}