{"id":57915,"date":"2024-06-19T15:22:39","date_gmt":"2024-06-19T18:22:39","guid":{"rendered":"https:\/\/concertacaoamazonia.com.br\/?p=57915"},"modified":"2024-06-19T15:22:41","modified_gmt":"2024-06-19T18:22:41","slug":"o-potencial-dos-creditos-de-biodiversidade","status":"publish","type":"post","link":"https:\/\/concertacaoamazonia.com.br\/en\/2024\/06\/19\/o-potencial-dos-creditos-de-biodiversidade\/","title":{"rendered":"O potencial dos cr\u00e9ditos de biodiversidade"},"content":{"rendered":"\n<p>A busca pelo bem-estar da humanidade \u00e9 uma meta un\u00e2nime e nobre, e consequentemente qualquer iniciativa que permita melhorar nossa qualidade de vida deve ser difundida e, idealmente, amplamente usada. Hoje em dia n\u00e3o existem d\u00favidas da rela\u00e7\u00e3o direta e positiva entre a biodiversidade e o bem-estar da humanidade.\u00a0<\/p>\n","protected":false},"excerpt":{"rendered":"<p>A busca pelo bem-estar da humanidade \u00e9 uma meta un\u00e2nime e nobre, e consequentemente qualquer iniciativa que permita melhorar nossa qualidade de vida deve ser difundida e, idealmente, amplamente usada. Hoje em dia n\u00e3o existem d\u00favidas da rela\u00e7\u00e3o direta e positiva entre a biodiversidade e o bem-estar da humanidade. <\/p>\n","protected":false},"author":226,"featured_media":57916,"comment_status":"closed","ping_status":"closed","sticky":false,"template":"","format":"standard","meta":{"footnotes":""},"categories":[28],"tags":[],"veiculo":[1873],"ano":[2075],"eixos":[],"class_list":["post-57915","post","type-post","status-publish","format-standard","has-post-thumbnail","hentry","category-artigo-externo","veiculo-valor-economico-en-2"],"_links":{"self":[{"href":"https:\/\/concertacaoamazonia.com.br\/en\/wp-json\/wp\/v2\/posts\/57915","targetHints":{"allow":["GET"]}}],"collection":[{"href":"https:\/\/concertacaoamazonia.com.br\/en\/wp-json\/wp\/v2\/posts"}],"about":[{"href":"https:\/\/concertacaoamazonia.com.br\/en\/wp-json\/wp\/v2\/types\/post"}],"author":[{"embeddable":true,"href":"https:\/\/concertacaoamazonia.com.br\/en\/wp-json\/wp\/v2\/users\/226"}],"replies":[{"embeddable":true,"href":"https:\/\/concertacaoamazonia.com.br\/en\/wp-json\/wp\/v2\/comments?post=57915"}],"version-history":[{"count":0,"href":"https:\/\/concertacaoamazonia.com.br\/en\/wp-json\/wp\/v2\/posts\/57915\/revisions"}],"wp:featuredmedia":[{"embeddable":true,"href":"https:\/\/concertacaoamazonia.com.br\/en\/wp-json\/wp\/v2\/media\/57916"}],"wp:attachment":[{"href":"https:\/\/concertacaoamazonia.com.br\/en\/wp-json\/wp\/v2\/media?parent=57915"}],"wp:term":[{"taxonomy":"category","embeddable":true,"href":"https:\/\/concertacaoamazonia.com.br\/en\/wp-json\/wp\/v2\/categories?post=57915"},{"taxonomy":"post_tag","embeddable":true,"href":"https:\/\/concertacaoamazonia.com.br\/en\/wp-json\/wp\/v2\/tags?post=57915"},{"taxonomy":"veiculo","embeddable":true,"href":"https:\/\/concertacaoamazonia.com.br\/en\/wp-json\/wp\/v2\/veiculo?post=57915"},{"taxonomy":"ano","embeddable":true,"href":"https:\/\/concertacaoamazonia.com.br\/en\/wp-json\/wp\/v2\/ano?post=57915"},{"taxonomy":"eixos","embeddable":true,"href":"https:\/\/concertacaoamazonia.com.br\/en\/wp-json\/wp\/v2\/eixos?post=57915"}],"curies":[{"name":"wp","href":"https:\/\/api.w.org\/{rel}","templated":true}]}}