{"id":57767,"date":"2024-06-18T14:31:40","date_gmt":"2024-06-18T17:31:40","guid":{"rendered":"https:\/\/concertacaoamazonia.com.br\/?p=57767"},"modified":"2024-06-18T14:31:43","modified_gmt":"2024-06-18T17:31:43","slug":"comeca-a-mais-preocupante-vazante-do-rio-amazonas","status":"publish","type":"post","link":"https:\/\/concertacaoamazonia.com.br\/en\/2024\/06\/18\/comeca-a-mais-preocupante-vazante-do-rio-amazonas\/","title":{"rendered":"Come\u00e7a a mais preocupante vazante do rio Amazonas"},"content":{"rendered":"\n<p>Preocupa\u00e7\u00e3o se d\u00e1, primeiramente, nos segmentos econ\u00f4micos que usam os rios como meio de transporte de passageiros e cargas<\/p>\n","protected":false},"excerpt":{"rendered":"<p>Preocupa\u00e7\u00e3o se d\u00e1, primeiramente, nos segmentos econ\u00f4micos que usam os rios como meio de transporte de passageiros e cargas<\/p>\n","protected":false},"author":226,"featured_media":57768,"comment_status":"closed","ping_status":"closed","sticky":false,"template":"","format":"standard","meta":{"footnotes":""},"categories":[28],"tags":[],"veiculo":[2114],"ano":[2075],"eixos":[],"class_list":["post-57767","post","type-post","status-publish","format-standard","has-post-thumbnail","hentry","category-artigo-externo","veiculo-bnc"],"_links":{"self":[{"href":"https:\/\/concertacaoamazonia.com.br\/en\/wp-json\/wp\/v2\/posts\/57767","targetHints":{"allow":["GET"]}}],"collection":[{"href":"https:\/\/concertacaoamazonia.com.br\/en\/wp-json\/wp\/v2\/posts"}],"about":[{"href":"https:\/\/concertacaoamazonia.com.br\/en\/wp-json\/wp\/v2\/types\/post"}],"author":[{"embeddable":true,"href":"https:\/\/concertacaoamazonia.com.br\/en\/wp-json\/wp\/v2\/users\/226"}],"replies":[{"embeddable":true,"href":"https:\/\/concertacaoamazonia.com.br\/en\/wp-json\/wp\/v2\/comments?post=57767"}],"version-history":[{"count":0,"href":"https:\/\/concertacaoamazonia.com.br\/en\/wp-json\/wp\/v2\/posts\/57767\/revisions"}],"wp:featuredmedia":[{"embeddable":true,"href":"https:\/\/concertacaoamazonia.com.br\/en\/wp-json\/wp\/v2\/media\/57768"}],"wp:attachment":[{"href":"https:\/\/concertacaoamazonia.com.br\/en\/wp-json\/wp\/v2\/media?parent=57767"}],"wp:term":[{"taxonomy":"category","embeddable":true,"href":"https:\/\/concertacaoamazonia.com.br\/en\/wp-json\/wp\/v2\/categories?post=57767"},{"taxonomy":"post_tag","embeddable":true,"href":"https:\/\/concertacaoamazonia.com.br\/en\/wp-json\/wp\/v2\/tags?post=57767"},{"taxonomy":"veiculo","embeddable":true,"href":"https:\/\/concertacaoamazonia.com.br\/en\/wp-json\/wp\/v2\/veiculo?post=57767"},{"taxonomy":"ano","embeddable":true,"href":"https:\/\/concertacaoamazonia.com.br\/en\/wp-json\/wp\/v2\/ano?post=57767"},{"taxonomy":"eixos","embeddable":true,"href":"https:\/\/concertacaoamazonia.com.br\/en\/wp-json\/wp\/v2\/eixos?post=57767"}],"curies":[{"name":"wp","href":"https:\/\/api.w.org\/{rel}","templated":true}]}}