{"id":57763,"date":"2024-06-18T14:28:35","date_gmt":"2024-06-18T17:28:35","guid":{"rendered":"https:\/\/concertacaoamazonia.com.br\/?p=57763"},"modified":"2024-06-18T14:28:37","modified_gmt":"2024-06-18T17:28:37","slug":"justica-suspende-contratos-de-exploracao-de-combustiveis-fosseis-na-amazonia","status":"publish","type":"post","link":"https:\/\/concertacaoamazonia.com.br\/en\/2024\/06\/18\/justica-suspende-contratos-de-exploracao-de-combustiveis-fosseis-na-amazonia\/","title":{"rendered":"Justi\u00e7a suspende contratos de explora\u00e7\u00e3o de combust\u00edveis f\u00f3sseis na Amaz\u00f4nia"},"content":{"rendered":"\n<p><em>Uni\u00e3o e ANP ficam impedidas de assinar contratos com Atem Distribuidora e Eneva, que adquiriram \u00e1reas amaz\u00f4nicas no \u201cLeil\u00e3o do Fim do Mundo\u201d, em dezembro.<\/em><\/p>\n","protected":false},"excerpt":{"rendered":"<p>Uni\u00e3o e ANP ficam impedidas de assinar contratos com Atem Distribuidora e Eneva, que adquiriram \u00e1reas amaz\u00f4nicas no \u201cLeil\u00e3o do Fim do Mundo\u201d, em dezembro.<\/p>\n","protected":false},"author":226,"featured_media":57764,"comment_status":"closed","ping_status":"closed","sticky":false,"template":"","format":"standard","meta":{"footnotes":""},"categories":[28],"tags":[],"veiculo":[1850],"ano":[2075],"eixos":[],"class_list":["post-57763","post","type-post","status-publish","format-standard","has-post-thumbnail","hentry","category-artigo-externo","veiculo-clima-info"],"_links":{"self":[{"href":"https:\/\/concertacaoamazonia.com.br\/en\/wp-json\/wp\/v2\/posts\/57763","targetHints":{"allow":["GET"]}}],"collection":[{"href":"https:\/\/concertacaoamazonia.com.br\/en\/wp-json\/wp\/v2\/posts"}],"about":[{"href":"https:\/\/concertacaoamazonia.com.br\/en\/wp-json\/wp\/v2\/types\/post"}],"author":[{"embeddable":true,"href":"https:\/\/concertacaoamazonia.com.br\/en\/wp-json\/wp\/v2\/users\/226"}],"replies":[{"embeddable":true,"href":"https:\/\/concertacaoamazonia.com.br\/en\/wp-json\/wp\/v2\/comments?post=57763"}],"version-history":[{"count":0,"href":"https:\/\/concertacaoamazonia.com.br\/en\/wp-json\/wp\/v2\/posts\/57763\/revisions"}],"wp:featuredmedia":[{"embeddable":true,"href":"https:\/\/concertacaoamazonia.com.br\/en\/wp-json\/wp\/v2\/media\/57764"}],"wp:attachment":[{"href":"https:\/\/concertacaoamazonia.com.br\/en\/wp-json\/wp\/v2\/media?parent=57763"}],"wp:term":[{"taxonomy":"category","embeddable":true,"href":"https:\/\/concertacaoamazonia.com.br\/en\/wp-json\/wp\/v2\/categories?post=57763"},{"taxonomy":"post_tag","embeddable":true,"href":"https:\/\/concertacaoamazonia.com.br\/en\/wp-json\/wp\/v2\/tags?post=57763"},{"taxonomy":"veiculo","embeddable":true,"href":"https:\/\/concertacaoamazonia.com.br\/en\/wp-json\/wp\/v2\/veiculo?post=57763"},{"taxonomy":"ano","embeddable":true,"href":"https:\/\/concertacaoamazonia.com.br\/en\/wp-json\/wp\/v2\/ano?post=57763"},{"taxonomy":"eixos","embeddable":true,"href":"https:\/\/concertacaoamazonia.com.br\/en\/wp-json\/wp\/v2\/eixos?post=57763"}],"curies":[{"name":"wp","href":"https:\/\/api.w.org\/{rel}","templated":true}]}}